{"id":107019,"date":"2024-01-11T15:34:12","date_gmt":"2024-01-11T14:34:12","guid":{"rendered":"https:\/\/moteuretsens.com\/?p=107019"},"modified":"2024-01-11T16:03:28","modified_gmt":"2024-01-11T15:03:28","slug":"essai-mercedes-amg-gt-black-series-w-laskoshow","status":"publish","type":"post","link":"https:\/\/moteuretsens.com\/en\/essai-mercedes-amg-gt-black-series-w-laskoshow\/","title":{"rendered":"ESSAI MERCEDES AMG GT BLACK SERIES W\/ LASKOSHOW"},"content":{"rendered":"<p>Silv\u00e8re et Pierre re\u00e7oivent <a href=\"https:\/\/www.youtube.com\/channel\/UClbjRW_b9A23RYjrNxKDA6g\">@laskoshow<\/a> pour rouler au volant de cette sublime Mercedes AGM GT Black S\u00e9ries. <\/p>\n\n\n\n<p>M\u00eame si l&rsquo;endroit o\u00f9 il est possible de tester v\u00e9ritablement ses capacit\u00e9s est sur une piste ferm\u00e9e, d\u00e9couvrez l&rsquo;essai sur route de ce V8 puisant ! L&rsquo;AMG GT R est l&rsquo;actuel sommet de la galaxie Mercedes. C&rsquo;est la version radicale de l&rsquo;AMG GT. Radicale oui, mais aussi plus bestiale, plus pr\u00e9cise, plus puissante, plus violente, plus bruyante ! <\/p>\n\n\n\n<p>Depuis 2006, la Black Series occupe une place particuli\u00e8re au sein d&rsquo;AMG : des exemplaires rares qui repr\u00e9sentent le transfert le plus direct de la technologie du sport automobile vers des v\u00e9hicules pr\u00eats pour la route. La nouvelle GT Black Series AMG pousse cette tradition \u00e0 un niveau de puissance et de performance sans pr\u00e9c\u00e9dent. Et si le v\u00e9hicule est effectivement pr\u00eat \u00e0 rouler, le seul endroit o\u00f9 il est possible de tester v\u00e9ritablement ses capacit\u00e9s est sur une piste ferm\u00e9e. Sous le capot, le V8 le plus puissant produit par AMG d\u00e9veloppe 730ch. La Black Series a \u00e9t\u00e9 sculpt\u00e9e et raffin\u00e9e pour atteindre le plus haut rendement et la dynamique la plus pure. La large prise d&rsquo;air du radiateur &#8211; adapt\u00e9e directement de la GT3 &#8211; \u00e9limine le besoin de prises d&rsquo;air s\u00e9par\u00e9es pr\u00e8s des passages de roue. Les ailettes semi-circulaires et les rideaux d&rsquo;air augmentent la force d&rsquo;appui. Les grandes sorties en fibre de carbone sur le capot contribuent \u00e9galement \u00e0 am\u00e9liorer la force d&rsquo;appui et le contr\u00f4le \u00e0 haute vitesse. L&rsquo;aileron arri\u00e8re peut s&rsquo;adapter m\u00e9caniquement aux conditions de conduite, ce qui permet un \u00e9quilibre optimal entre vitesse et stabilit\u00e9. Pour finir, le syst\u00e8me de suspension de la Black Series, adapt\u00e9 des technologies de comp\u00e9tition, apporte un contr\u00f4le suppl\u00e9mentaire. Jumel\u00e9 au syst\u00e8me AMG Ride Control, il assure une stabilit\u00e9 et un confort maximum, m\u00eame dans les virages ou lors de freinages \u00e0 grande vitesse. <\/p>\n\n\n\n<figure class=\"wp-block-embed is-type-video is-provider-youtube wp-block-embed-youtube wp-embed-aspect-16-9 wp-has-aspect-ratio\"><div class=\"wp-block-embed__wrapper\">\n<iframe title=\"ESSAI MERCEDES AMG GT BLACK SERIES W\/ LASKOSHOW\" width=\"720\" height=\"405\" src=\"https:\/\/www.youtube.com\/embed\/OP-rY3WXTOY?feature=oembed\" frameborder=\"0\" allow=\"accelerometer; autoplay; clipboard-write; encrypted-media; gyroscope; picture-in-picture; web-share\" referrerpolicy=\"strict-origin-when-cross-origin\" allowfullscreen><\/iframe>\n<\/div><\/figure>\n\n\n\n<p>Images &amp; Montage : Seiz <a href=\"https:\/\/www.instagram.com\/seiz_zies\/\">https:\/\/www.instagram.com\/seiz_zies\/<\/a><\/p>","protected":false},"excerpt":{"rendered":"<p>Silv\u00e8re et Pierre re\u00e7oivent @laskoshow pour rouler au volant de cette sublime Mercedes AGM GT Black S\u00e9ries. M\u00eame si l&rsquo;endroit o\u00f9 il est possible de tester v\u00e9ritablement ses capacit\u00e9s est sur une piste ferm\u00e9e, d\u00e9couvrez l&rsquo;essai sur route de ce V8 puisant ! L&rsquo;AMG GT R est l&rsquo;actuel sommet de la galaxie Mercedes. C&rsquo;est la&#8230;<\/p>","protected":false},"author":4,"featured_media":107092,"comment_status":"closed","ping_status":"closed","sticky":false,"template":"","format":"standard","meta":{"_kad_blocks_custom_css":"","_kad_blocks_head_custom_js":"","_kad_blocks_body_custom_js":"","_kad_blocks_footer_custom_js":"","_kad_post_transparent":"","_kad_post_title":"","_kad_post_layout":"","_kad_post_sidebar_id":"","_kad_post_content_style":"","_kad_post_vertical_padding":"","_kad_post_feature":"","_kad_post_feature_position":"","_kad_post_header":false,"_kad_post_footer":false,"_kad_post_classname":"","footnotes":""},"categories":[395,391],"tags":[],"class_list":["post-107019","post","type-post","status-publish","format-standard","has-post-thumbnail","hentry","category-articles","category-ressources"],"acf":[],"yoast_head":"<!-- This site is optimized with the Yoast SEO plugin v27.5 - https:\/\/yoast.com\/product\/yoast-seo-wordpress\/ -->\n<title>ESSAI MERCEDES AMG GT BLACK SERIES W\/ LASKOSHOW - Moteur&amp;sens<\/title>\n<meta name=\"robots\" content=\"index, follow, max-snippet:-1, max-image-preview:large, max-video-preview:-1\" \/>\n<link rel=\"canonical\" href=\"https:\/\/moteuretsens.com\/en\/essai-mercedes-amg-gt-black-series-w-laskoshow\/\" \/>\n<meta property=\"og:locale\" content=\"en_US\" \/>\n<meta property=\"og:type\" content=\"article\" \/>\n<meta property=\"og:title\" content=\"ESSAI MERCEDES AMG GT BLACK SERIES W\/ LASKOSHOW - Moteur&amp;sens\" \/>\n<meta property=\"og:description\" content=\"Silv\u00e8re et Pierre re\u00e7oivent @laskoshow pour rouler au volant de cette sublime Mercedes AGM GT Black S\u00e9ries. M\u00eame si l&rsquo;endroit o\u00f9 il est possible de tester v\u00e9ritablement ses capacit\u00e9s est sur une piste ferm\u00e9e, d\u00e9couvrez l&rsquo;essai sur route de ce V8 puisant ! L&rsquo;AMG GT R est l&rsquo;actuel sommet de la galaxie Mercedes. C&rsquo;est la...\" \/>\n<meta property=\"og:url\" content=\"https:\/\/moteuretsens.com\/en\/essai-mercedes-amg-gt-black-series-w-laskoshow\/\" \/>\n<meta property=\"og:site_name\" content=\"Moteur&amp;sens\" \/>\n<meta property=\"article:publisher\" content=\"https:\/\/www.facebook.com\/moteuretsens\" \/>\n<meta property=\"article:published_time\" content=\"2024-01-11T14:34:12+00:00\" \/>\n<meta property=\"article:modified_time\" content=\"2024-01-11T15:03:28+00:00\" \/>\n<meta property=\"og:image\" content=\"https:\/\/moteuretsens.com\/wp-content\/uploads\/2024\/01\/miniature-lasko-ms-2.jpg\" \/>\n\t<meta property=\"og:image:width\" content=\"738\" \/>\n\t<meta property=\"og:image:height\" content=\"492\" \/>\n\t<meta property=\"og:image:type\" content=\"image\/jpeg\" \/>\n<meta name=\"author\" content=\"Chloe Brochard\" \/>\n<meta name=\"twitter:card\" content=\"summary_large_image\" \/>\n<meta name=\"twitter:creator\" content=\"@moteuretsens\" \/>\n<meta name=\"twitter:site\" content=\"@moteuretsens\" \/>\n<meta name=\"twitter:label1\" content=\"Written by\" \/>\n\t<meta name=\"twitter:data1\" content=\"Chloe Brochard\" \/>\n\t<meta name=\"twitter:label2\" content=\"Est. reading time\" \/>\n\t<meta name=\"twitter:data2\" content=\"1 minute\" \/>\n<script type=\"application\/ld+json\" class=\"yoast-schema-graph\">{\"@context\":\"https:\\\/\\\/schema.org\",\"@graph\":[{\"@type\":\"Article\",\"@id\":\"https:\\\/\\\/moteuretsens.com\\\/essai-mercedes-amg-gt-black-series-w-laskoshow\\\/#article\",\"isPartOf\":{\"@id\":\"https:\\\/\\\/moteuretsens.com\\\/essai-mercedes-amg-gt-black-series-w-laskoshow\\\/\"},\"author\":{\"name\":\"Chloe Brochard\",\"@id\":\"https:\\\/\\\/moteuretsens.com\\\/#\\\/schema\\\/person\\\/f84b48a746bec0be4eca34ba6a3926bb\"},\"headline\":\"ESSAI MERCEDES AMG GT BLACK SERIES W\\\/ LASKOSHOW\",\"datePublished\":\"2024-01-11T14:34:12+00:00\",\"dateModified\":\"2024-01-11T15:03:28+00:00\",\"mainEntityOfPage\":{\"@id\":\"https:\\\/\\\/moteuretsens.com\\\/essai-mercedes-amg-gt-black-series-w-laskoshow\\\/\"},\"wordCount\":379,\"publisher\":{\"@id\":\"https:\\\/\\\/moteuretsens.com\\\/#organization\"},\"image\":{\"@id\":\"https:\\\/\\\/moteuretsens.com\\\/essai-mercedes-amg-gt-black-series-w-laskoshow\\\/#primaryimage\"},\"thumbnailUrl\":\"https:\\\/\\\/moteuretsens.com\\\/wp-content\\\/uploads\\\/2024\\\/01\\\/miniature-lasko-ms-2.jpg\",\"articleSection\":[\"ARTICLES\",\"Ressources\"],\"inLanguage\":\"en-US\"},{\"@type\":\"WebPage\",\"@id\":\"https:\\\/\\\/moteuretsens.com\\\/essai-mercedes-amg-gt-black-series-w-laskoshow\\\/\",\"url\":\"https:\\\/\\\/moteuretsens.com\\\/essai-mercedes-amg-gt-black-series-w-laskoshow\\\/\",\"name\":\"ESSAI MERCEDES AMG GT BLACK SERIES W\\\/ LASKOSHOW - Moteur&amp;sens\",\"isPartOf\":{\"@id\":\"https:\\\/\\\/moteuretsens.com\\\/#website\"},\"primaryImageOfPage\":{\"@id\":\"https:\\\/\\\/moteuretsens.com\\\/essai-mercedes-amg-gt-black-series-w-laskoshow\\\/#primaryimage\"},\"image\":{\"@id\":\"https:\\\/\\\/moteuretsens.com\\\/essai-mercedes-amg-gt-black-series-w-laskoshow\\\/#primaryimage\"},\"thumbnailUrl\":\"https:\\\/\\\/moteuretsens.com\\\/wp-content\\\/uploads\\\/2024\\\/01\\\/miniature-lasko-ms-2.jpg\",\"datePublished\":\"2024-01-11T14:34:12+00:00\",\"dateModified\":\"2024-01-11T15:03:28+00:00\",\"breadcrumb\":{\"@id\":\"https:\\\/\\\/moteuretsens.com\\\/essai-mercedes-amg-gt-black-series-w-laskoshow\\\/#breadcrumb\"},\"inLanguage\":\"en-US\",\"potentialAction\":[{\"@type\":\"ReadAction\",\"target\":[\"https:\\\/\\\/moteuretsens.com\\\/essai-mercedes-amg-gt-black-series-w-laskoshow\\\/\"]}]},{\"@type\":\"ImageObject\",\"inLanguage\":\"en-US\",\"@id\":\"https:\\\/\\\/moteuretsens.com\\\/essai-mercedes-amg-gt-black-series-w-laskoshow\\\/#primaryimage\",\"url\":\"https:\\\/\\\/moteuretsens.com\\\/wp-content\\\/uploads\\\/2024\\\/01\\\/miniature-lasko-ms-2.jpg\",\"contentUrl\":\"https:\\\/\\\/moteuretsens.com\\\/wp-content\\\/uploads\\\/2024\\\/01\\\/miniature-lasko-ms-2.jpg\",\"width\":738,\"height\":492},{\"@type\":\"BreadcrumbList\",\"@id\":\"https:\\\/\\\/moteuretsens.com\\\/essai-mercedes-amg-gt-black-series-w-laskoshow\\\/#breadcrumb\",\"itemListElement\":[{\"@type\":\"ListItem\",\"position\":1,\"name\":\"Accueil\",\"item\":\"https:\\\/\\\/moteuretsens.com\\\/\"},{\"@type\":\"ListItem\",\"position\":2,\"name\":\"ESSAI MERCEDES AMG GT BLACK SERIES W\\\/ LASKOSHOW\"}]},{\"@type\":\"WebSite\",\"@id\":\"https:\\\/\\\/moteuretsens.com\\\/#website\",\"url\":\"https:\\\/\\\/moteuretsens.com\\\/\",\"name\":\"Moteur&Sens\",\"description\":\"\",\"publisher\":{\"@id\":\"https:\\\/\\\/moteuretsens.com\\\/#organization\"},\"potentialAction\":[{\"@type\":\"SearchAction\",\"target\":{\"@type\":\"EntryPoint\",\"urlTemplate\":\"https:\\\/\\\/moteuretsens.com\\\/?s={search_term_string}\"},\"query-input\":{\"@type\":\"PropertyValueSpecification\",\"valueRequired\":true,\"valueName\":\"search_term_string\"}}],\"inLanguage\":\"en-US\"},{\"@type\":\"Organization\",\"@id\":\"https:\\\/\\\/moteuretsens.com\\\/#organization\",\"name\":\"Moteur&Sens\",\"url\":\"https:\\\/\\\/moteuretsens.com\\\/\",\"logo\":{\"@type\":\"ImageObject\",\"inLanguage\":\"en-US\",\"@id\":\"https:\\\/\\\/moteuretsens.com\\\/#\\\/schema\\\/logo\\\/image\\\/\",\"url\":\"https:\\\/\\\/moteuretsens.com\\\/wp-content\\\/uploads\\\/2023\\\/08\\\/moteursens.png\",\"contentUrl\":\"https:\\\/\\\/moteuretsens.com\\\/wp-content\\\/uploads\\\/2023\\\/08\\\/moteursens.png\",\"width\":333,\"height\":62,\"caption\":\"Moteur&Sens\"},\"image\":{\"@id\":\"https:\\\/\\\/moteuretsens.com\\\/#\\\/schema\\\/logo\\\/image\\\/\"},\"sameAs\":[\"https:\\\/\\\/www.facebook.com\\\/moteuretsens\",\"https:\\\/\\\/x.com\\\/moteuretsens\",\"https:\\\/\\\/www.instagram.com\\\/moteuretsens\\\/\",\"https:\\\/\\\/www.linkedin.com\\\/company\\\/moteur-&-sens\\\/about\\\/\",\"https:\\\/\\\/www.youtube.com\\\/channel\\\/UCubfX3Xm__151RbTfXbUUVg\"]},{\"@type\":\"Person\",\"@id\":\"https:\\\/\\\/moteuretsens.com\\\/#\\\/schema\\\/person\\\/f84b48a746bec0be4eca34ba6a3926bb\",\"name\":\"Chloe Brochard\",\"image\":{\"@type\":\"ImageObject\",\"inLanguage\":\"en-US\",\"@id\":\"https:\\\/\\\/secure.gravatar.com\\\/avatar\\\/e4a4b7738fc0c83b1d37731d38f2ef632512a5909a395f0561efcf79993b0fb9?s=96&d=mm&r=g\",\"url\":\"https:\\\/\\\/secure.gravatar.com\\\/avatar\\\/e4a4b7738fc0c83b1d37731d38f2ef632512a5909a395f0561efcf79993b0fb9?s=96&d=mm&r=g\",\"contentUrl\":\"https:\\\/\\\/secure.gravatar.com\\\/avatar\\\/e4a4b7738fc0c83b1d37731d38f2ef632512a5909a395f0561efcf79993b0fb9?s=96&d=mm&r=g\",\"caption\":\"Chloe Brochard\"},\"url\":\"https:\\\/\\\/moteuretsens.com\\\/en\\\/author\\\/chloemoteuretsens-com\\\/\"}]}<\/script>\n<!-- \/ Yoast SEO plugin. -->","yoast_head_json":{"title":"ESSAI MERCEDES AMG GT BLACK SERIES W\/ LASKOSHOW - Moteur&amp;sens","robots":{"index":"index","follow":"follow","max-snippet":"max-snippet:-1","max-image-preview":"max-image-preview:large","max-video-preview":"max-video-preview:-1"},"canonical":"https:\/\/moteuretsens.com\/en\/essai-mercedes-amg-gt-black-series-w-laskoshow\/","og_locale":"en_US","og_type":"article","og_title":"ESSAI MERCEDES AMG GT BLACK SERIES W\/ LASKOSHOW - Moteur&amp;sens","og_description":"Silv\u00e8re et Pierre re\u00e7oivent @laskoshow pour rouler au volant de cette sublime Mercedes AGM GT Black S\u00e9ries. M\u00eame si l&rsquo;endroit o\u00f9 il est possible de tester v\u00e9ritablement ses capacit\u00e9s est sur une piste ferm\u00e9e, d\u00e9couvrez l&rsquo;essai sur route de ce V8 puisant ! L&rsquo;AMG GT R est l&rsquo;actuel sommet de la galaxie Mercedes. C&rsquo;est la...","og_url":"https:\/\/moteuretsens.com\/en\/essai-mercedes-amg-gt-black-series-w-laskoshow\/","og_site_name":"Moteur&amp;sens","article_publisher":"https:\/\/www.facebook.com\/moteuretsens","article_published_time":"2024-01-11T14:34:12+00:00","article_modified_time":"2024-01-11T15:03:28+00:00","og_image":[{"width":738,"height":492,"url":"https:\/\/moteuretsens.com\/wp-content\/uploads\/2024\/01\/miniature-lasko-ms-2.jpg","type":"image\/jpeg"}],"author":"Chloe Brochard","twitter_card":"summary_large_image","twitter_creator":"@moteuretsens","twitter_site":"@moteuretsens","twitter_misc":{"Written by":"Chloe Brochard","Est. reading time":"1 minute"},"schema":{"@context":"https:\/\/schema.org","@graph":[{"@type":"Article","@id":"https:\/\/moteuretsens.com\/essai-mercedes-amg-gt-black-series-w-laskoshow\/#article","isPartOf":{"@id":"https:\/\/moteuretsens.com\/essai-mercedes-amg-gt-black-series-w-laskoshow\/"},"author":{"name":"Chloe Brochard","@id":"https:\/\/moteuretsens.com\/#\/schema\/person\/f84b48a746bec0be4eca34ba6a3926bb"},"headline":"ESSAI MERCEDES AMG GT BLACK SERIES W\/ LASKOSHOW","datePublished":"2024-01-11T14:34:12+00:00","dateModified":"2024-01-11T15:03:28+00:00","mainEntityOfPage":{"@id":"https:\/\/moteuretsens.com\/essai-mercedes-amg-gt-black-series-w-laskoshow\/"},"wordCount":379,"publisher":{"@id":"https:\/\/moteuretsens.com\/#organization"},"image":{"@id":"https:\/\/moteuretsens.com\/essai-mercedes-amg-gt-black-series-w-laskoshow\/#primaryimage"},"thumbnailUrl":"https:\/\/moteuretsens.com\/wp-content\/uploads\/2024\/01\/miniature-lasko-ms-2.jpg","articleSection":["ARTICLES","Ressources"],"inLanguage":"en-US"},{"@type":"WebPage","@id":"https:\/\/moteuretsens.com\/essai-mercedes-amg-gt-black-series-w-laskoshow\/","url":"https:\/\/moteuretsens.com\/essai-mercedes-amg-gt-black-series-w-laskoshow\/","name":"ESSAI MERCEDES AMG GT BLACK SERIES W\/ LASKOSHOW - Moteur&amp;sens","isPartOf":{"@id":"https:\/\/moteuretsens.com\/#website"},"primaryImageOfPage":{"@id":"https:\/\/moteuretsens.com\/essai-mercedes-amg-gt-black-series-w-laskoshow\/#primaryimage"},"image":{"@id":"https:\/\/moteuretsens.com\/essai-mercedes-amg-gt-black-series-w-laskoshow\/#primaryimage"},"thumbnailUrl":"https:\/\/moteuretsens.com\/wp-content\/uploads\/2024\/01\/miniature-lasko-ms-2.jpg","datePublished":"2024-01-11T14:34:12+00:00","dateModified":"2024-01-11T15:03:28+00:00","breadcrumb":{"@id":"https:\/\/moteuretsens.com\/essai-mercedes-amg-gt-black-series-w-laskoshow\/#breadcrumb"},"inLanguage":"en-US","potentialAction":[{"@type":"ReadAction","target":["https:\/\/moteuretsens.com\/essai-mercedes-amg-gt-black-series-w-laskoshow\/"]}]},{"@type":"ImageObject","inLanguage":"en-US","@id":"https:\/\/moteuretsens.com\/essai-mercedes-amg-gt-black-series-w-laskoshow\/#primaryimage","url":"https:\/\/moteuretsens.com\/wp-content\/uploads\/2024\/01\/miniature-lasko-ms-2.jpg","contentUrl":"https:\/\/moteuretsens.com\/wp-content\/uploads\/2024\/01\/miniature-lasko-ms-2.jpg","width":738,"height":492},{"@type":"BreadcrumbList","@id":"https:\/\/moteuretsens.com\/essai-mercedes-amg-gt-black-series-w-laskoshow\/#breadcrumb","itemListElement":[{"@type":"ListItem","position":1,"name":"Accueil","item":"https:\/\/moteuretsens.com\/"},{"@type":"ListItem","position":2,"name":"ESSAI MERCEDES AMG GT BLACK SERIES W\/ LASKOSHOW"}]},{"@type":"WebSite","@id":"https:\/\/moteuretsens.com\/#website","url":"https:\/\/moteuretsens.com\/","name":"Moteur&Sens","description":"","publisher":{"@id":"https:\/\/moteuretsens.com\/#organization"},"potentialAction":[{"@type":"SearchAction","target":{"@type":"EntryPoint","urlTemplate":"https:\/\/moteuretsens.com\/?s={search_term_string}"},"query-input":{"@type":"PropertyValueSpecification","valueRequired":true,"valueName":"search_term_string"}}],"inLanguage":"en-US"},{"@type":"Organization","@id":"https:\/\/moteuretsens.com\/#organization","name":"Moteur&Sens","url":"https:\/\/moteuretsens.com\/","logo":{"@type":"ImageObject","inLanguage":"en-US","@id":"https:\/\/moteuretsens.com\/#\/schema\/logo\/image\/","url":"https:\/\/moteuretsens.com\/wp-content\/uploads\/2023\/08\/moteursens.png","contentUrl":"https:\/\/moteuretsens.com\/wp-content\/uploads\/2023\/08\/moteursens.png","width":333,"height":62,"caption":"Moteur&Sens"},"image":{"@id":"https:\/\/moteuretsens.com\/#\/schema\/logo\/image\/"},"sameAs":["https:\/\/www.facebook.com\/moteuretsens","https:\/\/x.com\/moteuretsens","https:\/\/www.instagram.com\/moteuretsens\/","https:\/\/www.linkedin.com\/company\/moteur-&-sens\/about\/","https:\/\/www.youtube.com\/channel\/UCubfX3Xm__151RbTfXbUUVg"]},{"@type":"Person","@id":"https:\/\/moteuretsens.com\/#\/schema\/person\/f84b48a746bec0be4eca34ba6a3926bb","name":"Chloe Brochard","image":{"@type":"ImageObject","inLanguage":"en-US","@id":"https:\/\/secure.gravatar.com\/avatar\/e4a4b7738fc0c83b1d37731d38f2ef632512a5909a395f0561efcf79993b0fb9?s=96&d=mm&r=g","url":"https:\/\/secure.gravatar.com\/avatar\/e4a4b7738fc0c83b1d37731d38f2ef632512a5909a395f0561efcf79993b0fb9?s=96&d=mm&r=g","contentUrl":"https:\/\/secure.gravatar.com\/avatar\/e4a4b7738fc0c83b1d37731d38f2ef632512a5909a395f0561efcf79993b0fb9?s=96&d=mm&r=g","caption":"Chloe Brochard"},"url":"https:\/\/moteuretsens.com\/en\/author\/chloemoteuretsens-com\/"}]}},"taxonomy_info":{"category":[{"value":395,"label":"ARTICLES"},{"value":391,"label":"Ressources"}]},"featured_image_src_large":["https:\/\/moteuretsens.com\/wp-content\/uploads\/2024\/01\/miniature-lasko-ms-2.jpg",738,492,false],"author_info":{"display_name":"Chloe Brochard","author_link":"https:\/\/moteuretsens.com\/en\/author\/chloemoteuretsens-com\/"},"comment_info":0,"category_info":[{"term_id":395,"name":"ARTICLES","slug":"articles","term_group":0,"term_taxonomy_id":395,"taxonomy":"category","description":"","parent":391,"count":15,"filter":"raw","cat_ID":395,"category_count":15,"category_description":"","cat_name":"ARTICLES","category_nicename":"articles","category_parent":391},{"term_id":391,"name":"Ressources","slug":"ressources","term_group":0,"term_taxonomy_id":391,"taxonomy":"category","description":"","parent":0,"count":30,"filter":"raw","cat_ID":391,"category_count":30,"category_description":"","cat_name":"Ressources","category_nicename":"ressources","category_parent":0}],"tag_info":false,"_links":{"self":[{"href":"https:\/\/moteuretsens.com\/en\/wp-json\/wp\/v2\/posts\/107019","targetHints":{"allow":["GET"]}}],"collection":[{"href":"https:\/\/moteuretsens.com\/en\/wp-json\/wp\/v2\/posts"}],"about":[{"href":"https:\/\/moteuretsens.com\/en\/wp-json\/wp\/v2\/types\/post"}],"author":[{"embeddable":true,"href":"https:\/\/moteuretsens.com\/en\/wp-json\/wp\/v2\/users\/4"}],"replies":[{"embeddable":true,"href":"https:\/\/moteuretsens.com\/en\/wp-json\/wp\/v2\/comments?post=107019"}],"version-history":[{"count":3,"href":"https:\/\/moteuretsens.com\/en\/wp-json\/wp\/v2\/posts\/107019\/revisions"}],"predecessor-version":[{"id":107095,"href":"https:\/\/moteuretsens.com\/en\/wp-json\/wp\/v2\/posts\/107019\/revisions\/107095"}],"wp:featuredmedia":[{"embeddable":true,"href":"https:\/\/moteuretsens.com\/en\/wp-json\/wp\/v2\/media\/107092"}],"wp:attachment":[{"href":"https:\/\/moteuretsens.com\/en\/wp-json\/wp\/v2\/media?parent=107019"}],"wp:term":[{"taxonomy":"category","embeddable":true,"href":"https:\/\/moteuretsens.com\/en\/wp-json\/wp\/v2\/categories?post=107019"},{"taxonomy":"post_tag","embeddable":true,"href":"https:\/\/moteuretsens.com\/en\/wp-json\/wp\/v2\/tags?post=107019"}],"curies":[{"name":"wp","href":"https:\/\/api.w.org\/{rel}","templated":true}]}}