{"id":58374,"date":"2022-11-17T01:14:19","date_gmt":"2022-11-17T00:14:19","guid":{"rendered":"https:\/\/moteuretsens.com\/?p=58374"},"modified":"2023-02-27T16:12:41","modified_gmt":"2023-02-27T15:12:41","slug":"lorem-ipsum-7","status":"publish","type":"post","link":"https:\/\/moteuretsens.com\/en\/lorem-ipsum-7\/","title":{"rendered":"MERCEDES SLR MCLAREN"},"content":{"rendered":"\n<p>D&rsquo;un c\u00f4t\u00e9, le constructeur de la voiture la plus rare et la plus rapide des ann\u00e9es 90, la McLaren F1. De l&rsquo;autre, la firme qui a pratiquement invent\u00e9 l&rsquo;automobile moderne, ainsi que les normes de s\u00e9curit\u00e9 et les technologies de conforts \u00e0 bord. Un exemplaire exceptionnel, puisqu&rsquo;il s&rsquo;agit de l&rsquo;\u00e9dition sp\u00e9ciale 722 dont plus de 300 \u00e9l\u00e9ments ont \u00e9t\u00e9 modifi\u00e9s par rapport \u00e0 la s\u00e9rie originale.<\/p>\n\n\n\n[Best_Wordpress_Gallery id=\u00a0\u00bb16&Prime; gal_title=\u00a0\u00bbSLR\u00a0\u00bb]\n\n\n\n<p>Cr\u00e9dit Photos &#8211; Kevin Van Campenhout &#8211; <a href=\"https:\/\/www.kevinvanc.com\/\">www.kevinvanc.com<\/a><\/p>\n","protected":false},"excerpt":{"rendered":"<p>D&rsquo;un c\u00f4t\u00e9, le constructeur de la voiture la plus rare et la plus rapide des ann\u00e9es 90, la McLaren F1. De l&rsquo;autre, la firme qui a pratiquement invent\u00e9 l&rsquo;automobile moderne, ainsi que les normes de s\u00e9curit\u00e9 et les technologies de conforts \u00e0 bord. Un exemplaire exceptionnel, puisqu&rsquo;il s&rsquo;agit de l&rsquo;\u00e9dition sp\u00e9ciale 722 dont plus de&#8230;<\/p>","protected":false},"author":4,"featured_media":70144,"comment_status":"open","ping_status":"open","sticky":false,"template":"","format":"standard","meta":{"_kad_blocks_custom_css":"","_kad_blocks_head_custom_js":"","_kad_blocks_body_custom_js":"","_kad_blocks_footer_custom_js":"","_kad_post_transparent":"","_kad_post_title":"","_kad_post_layout":"","_kad_post_sidebar_id":"","_kad_post_content_style":"","_kad_post_vertical_padding":"","_kad_post_feature":"","_kad_post_feature_position":"","_kad_post_header":false,"_kad_post_footer":false,"_kad_post_classname":"","footnotes":""},"categories":[397,391],"tags":[],"class_list":["post-58374","post","type-post","status-publish","format-standard","has-post-thumbnail","hentry","category-galeries-dimages","category-ressources"],"acf":[],"yoast_head":"<!-- This site is optimized with the Yoast SEO plugin v27.5 - https:\/\/yoast.com\/product\/yoast-seo-wordpress\/ -->\n<title>MERCEDES SLR MCLAREN - Moteur&amp;sens<\/title>\n<meta name=\"robots\" content=\"index, follow, max-snippet:-1, max-image-preview:large, max-video-preview:-1\" \/>\n<link rel=\"canonical\" href=\"https:\/\/moteuretsens.com\/en\/lorem-ipsum-7\/\" \/>\n<meta property=\"og:locale\" content=\"en_US\" \/>\n<meta property=\"og:type\" content=\"article\" \/>\n<meta property=\"og:title\" content=\"MERCEDES SLR MCLAREN - Moteur&amp;sens\" \/>\n<meta property=\"og:description\" content=\"D&rsquo;un c\u00f4t\u00e9, le constructeur de la voiture la plus rare et la plus rapide des ann\u00e9es 90, la McLaren F1. De l&rsquo;autre, la firme qui a pratiquement invent\u00e9 l&rsquo;automobile moderne, ainsi que les normes de s\u00e9curit\u00e9 et les technologies de conforts \u00e0 bord. Un exemplaire exceptionnel, puisqu&rsquo;il s&rsquo;agit de l&rsquo;\u00e9dition sp\u00e9ciale 722 dont plus de...\" \/>\n<meta property=\"og:url\" content=\"https:\/\/moteuretsens.com\/en\/lorem-ipsum-7\/\" \/>\n<meta property=\"og:site_name\" content=\"Moteur&amp;sens\" \/>\n<meta property=\"article:publisher\" content=\"https:\/\/www.facebook.com\/moteuretsens\" \/>\n<meta property=\"article:published_time\" content=\"2022-11-17T00:14:19+00:00\" \/>\n<meta property=\"article:modified_time\" content=\"2023-02-27T15:12:41+00:00\" \/>\n<meta property=\"og:image\" content=\"https:\/\/moteuretsens.com\/wp-content\/uploads\/2022\/11\/SLR-MCLAREN-couverture.jpg\" \/>\n\t<meta property=\"og:image:width\" content=\"1\" \/>\n\t<meta property=\"og:image:height\" content=\"1\" \/>\n\t<meta property=\"og:image:type\" content=\"image\/jpeg\" \/>\n<meta name=\"author\" content=\"Chloe Brochard\" \/>\n<meta name=\"twitter:card\" content=\"summary_large_image\" \/>\n<meta name=\"twitter:creator\" content=\"@moteuretsens\" \/>\n<meta name=\"twitter:site\" content=\"@moteuretsens\" \/>\n<meta name=\"twitter:label1\" content=\"Written by\" \/>\n\t<meta name=\"twitter:data1\" content=\"Chloe Brochard\" \/>\n<script type=\"application\/ld+json\" class=\"yoast-schema-graph\">{\"@context\":\"https:\\\/\\\/schema.org\",\"@graph\":[{\"@type\":\"Article\",\"@id\":\"https:\\\/\\\/moteuretsens.com\\\/lorem-ipsum-7\\\/#article\",\"isPartOf\":{\"@id\":\"https:\\\/\\\/moteuretsens.com\\\/lorem-ipsum-7\\\/\"},\"author\":{\"name\":\"Chloe Brochard\",\"@id\":\"https:\\\/\\\/moteuretsens.com\\\/#\\\/schema\\\/person\\\/f84b48a746bec0be4eca34ba6a3926bb\"},\"headline\":\"MERCEDES SLR MCLAREN\",\"datePublished\":\"2022-11-17T00:14:19+00:00\",\"dateModified\":\"2023-02-27T15:12:41+00:00\",\"mainEntityOfPage\":{\"@id\":\"https:\\\/\\\/moteuretsens.com\\\/lorem-ipsum-7\\\/\"},\"wordCount\":95,\"commentCount\":0,\"publisher\":{\"@id\":\"https:\\\/\\\/moteuretsens.com\\\/#organization\"},\"image\":{\"@id\":\"https:\\\/\\\/moteuretsens.com\\\/lorem-ipsum-7\\\/#primaryimage\"},\"thumbnailUrl\":\"https:\\\/\\\/moteuretsens.com\\\/wp-content\\\/uploads\\\/2022\\\/11\\\/SLR-MCLAREN-couverture.jpg\",\"articleSection\":[\"GALERIES D\u2019IMAGES\",\"Ressources\"],\"inLanguage\":\"en-US\",\"potentialAction\":[{\"@type\":\"CommentAction\",\"name\":\"Comment\",\"target\":[\"https:\\\/\\\/moteuretsens.com\\\/lorem-ipsum-7\\\/#respond\"]}]},{\"@type\":\"WebPage\",\"@id\":\"https:\\\/\\\/moteuretsens.com\\\/lorem-ipsum-7\\\/\",\"url\":\"https:\\\/\\\/moteuretsens.com\\\/lorem-ipsum-7\\\/\",\"name\":\"MERCEDES SLR MCLAREN - Moteur&amp;sens\",\"isPartOf\":{\"@id\":\"https:\\\/\\\/moteuretsens.com\\\/#website\"},\"primaryImageOfPage\":{\"@id\":\"https:\\\/\\\/moteuretsens.com\\\/lorem-ipsum-7\\\/#primaryimage\"},\"image\":{\"@id\":\"https:\\\/\\\/moteuretsens.com\\\/lorem-ipsum-7\\\/#primaryimage\"},\"thumbnailUrl\":\"https:\\\/\\\/moteuretsens.com\\\/wp-content\\\/uploads\\\/2022\\\/11\\\/SLR-MCLAREN-couverture.jpg\",\"datePublished\":\"2022-11-17T00:14:19+00:00\",\"dateModified\":\"2023-02-27T15:12:41+00:00\",\"breadcrumb\":{\"@id\":\"https:\\\/\\\/moteuretsens.com\\\/lorem-ipsum-7\\\/#breadcrumb\"},\"inLanguage\":\"en-US\",\"potentialAction\":[{\"@type\":\"ReadAction\",\"target\":[\"https:\\\/\\\/moteuretsens.com\\\/lorem-ipsum-7\\\/\"]}]},{\"@type\":\"ImageObject\",\"inLanguage\":\"en-US\",\"@id\":\"https:\\\/\\\/moteuretsens.com\\\/lorem-ipsum-7\\\/#primaryimage\",\"url\":\"https:\\\/\\\/moteuretsens.com\\\/wp-content\\\/uploads\\\/2022\\\/11\\\/SLR-MCLAREN-couverture.jpg\",\"contentUrl\":\"https:\\\/\\\/moteuretsens.com\\\/wp-content\\\/uploads\\\/2022\\\/11\\\/SLR-MCLAREN-couverture.jpg\",\"width\":8717,\"height\":5811},{\"@type\":\"BreadcrumbList\",\"@id\":\"https:\\\/\\\/moteuretsens.com\\\/lorem-ipsum-7\\\/#breadcrumb\",\"itemListElement\":[{\"@type\":\"ListItem\",\"position\":1,\"name\":\"Accueil\",\"item\":\"https:\\\/\\\/moteuretsens.com\\\/\"},{\"@type\":\"ListItem\",\"position\":2,\"name\":\"MERCEDES SLR MCLAREN\"}]},{\"@type\":\"WebSite\",\"@id\":\"https:\\\/\\\/moteuretsens.com\\\/#website\",\"url\":\"https:\\\/\\\/moteuretsens.com\\\/\",\"name\":\"Moteur&Sens\",\"description\":\"\",\"publisher\":{\"@id\":\"https:\\\/\\\/moteuretsens.com\\\/#organization\"},\"potentialAction\":[{\"@type\":\"SearchAction\",\"target\":{\"@type\":\"EntryPoint\",\"urlTemplate\":\"https:\\\/\\\/moteuretsens.com\\\/?s={search_term_string}\"},\"query-input\":{\"@type\":\"PropertyValueSpecification\",\"valueRequired\":true,\"valueName\":\"search_term_string\"}}],\"inLanguage\":\"en-US\"},{\"@type\":\"Organization\",\"@id\":\"https:\\\/\\\/moteuretsens.com\\\/#organization\",\"name\":\"Moteur&Sens\",\"url\":\"https:\\\/\\\/moteuretsens.com\\\/\",\"logo\":{\"@type\":\"ImageObject\",\"inLanguage\":\"en-US\",\"@id\":\"https:\\\/\\\/moteuretsens.com\\\/#\\\/schema\\\/logo\\\/image\\\/\",\"url\":\"https:\\\/\\\/moteuretsens.com\\\/wp-content\\\/uploads\\\/2023\\\/08\\\/moteursens.png\",\"contentUrl\":\"https:\\\/\\\/moteuretsens.com\\\/wp-content\\\/uploads\\\/2023\\\/08\\\/moteursens.png\",\"width\":333,\"height\":62,\"caption\":\"Moteur&Sens\"},\"image\":{\"@id\":\"https:\\\/\\\/moteuretsens.com\\\/#\\\/schema\\\/logo\\\/image\\\/\"},\"sameAs\":[\"https:\\\/\\\/www.facebook.com\\\/moteuretsens\",\"https:\\\/\\\/x.com\\\/moteuretsens\",\"https:\\\/\\\/www.instagram.com\\\/moteuretsens\\\/\",\"https:\\\/\\\/www.linkedin.com\\\/company\\\/moteur-&-sens\\\/about\\\/\",\"https:\\\/\\\/www.youtube.com\\\/channel\\\/UCubfX3Xm__151RbTfXbUUVg\"]},{\"@type\":\"Person\",\"@id\":\"https:\\\/\\\/moteuretsens.com\\\/#\\\/schema\\\/person\\\/f84b48a746bec0be4eca34ba6a3926bb\",\"name\":\"Chloe Brochard\",\"image\":{\"@type\":\"ImageObject\",\"inLanguage\":\"en-US\",\"@id\":\"https:\\\/\\\/secure.gravatar.com\\\/avatar\\\/e4a4b7738fc0c83b1d37731d38f2ef632512a5909a395f0561efcf79993b0fb9?s=96&d=mm&r=g\",\"url\":\"https:\\\/\\\/secure.gravatar.com\\\/avatar\\\/e4a4b7738fc0c83b1d37731d38f2ef632512a5909a395f0561efcf79993b0fb9?s=96&d=mm&r=g\",\"contentUrl\":\"https:\\\/\\\/secure.gravatar.com\\\/avatar\\\/e4a4b7738fc0c83b1d37731d38f2ef632512a5909a395f0561efcf79993b0fb9?s=96&d=mm&r=g\",\"caption\":\"Chloe Brochard\"},\"url\":\"https:\\\/\\\/moteuretsens.com\\\/en\\\/author\\\/chloemoteuretsens-com\\\/\"}]}<\/script>\n<!-- \/ Yoast SEO plugin. -->","yoast_head_json":{"title":"MERCEDES SLR MCLAREN - Moteur&amp;sens","robots":{"index":"index","follow":"follow","max-snippet":"max-snippet:-1","max-image-preview":"max-image-preview:large","max-video-preview":"max-video-preview:-1"},"canonical":"https:\/\/moteuretsens.com\/en\/lorem-ipsum-7\/","og_locale":"en_US","og_type":"article","og_title":"MERCEDES SLR MCLAREN - Moteur&amp;sens","og_description":"D&rsquo;un c\u00f4t\u00e9, le constructeur de la voiture la plus rare et la plus rapide des ann\u00e9es 90, la McLaren F1. De l&rsquo;autre, la firme qui a pratiquement invent\u00e9 l&rsquo;automobile moderne, ainsi que les normes de s\u00e9curit\u00e9 et les technologies de conforts \u00e0 bord. Un exemplaire exceptionnel, puisqu&rsquo;il s&rsquo;agit de l&rsquo;\u00e9dition sp\u00e9ciale 722 dont plus de...","og_url":"https:\/\/moteuretsens.com\/en\/lorem-ipsum-7\/","og_site_name":"Moteur&amp;sens","article_publisher":"https:\/\/www.facebook.com\/moteuretsens","article_published_time":"2022-11-17T00:14:19+00:00","article_modified_time":"2023-02-27T15:12:41+00:00","og_image":[{"url":"https:\/\/moteuretsens.com\/wp-content\/uploads\/2022\/11\/SLR-MCLAREN-couverture.jpg","width":1,"height":1,"type":"image\/jpeg"}],"author":"Chloe Brochard","twitter_card":"summary_large_image","twitter_creator":"@moteuretsens","twitter_site":"@moteuretsens","twitter_misc":{"Written by":"Chloe Brochard"},"schema":{"@context":"https:\/\/schema.org","@graph":[{"@type":"Article","@id":"https:\/\/moteuretsens.com\/lorem-ipsum-7\/#article","isPartOf":{"@id":"https:\/\/moteuretsens.com\/lorem-ipsum-7\/"},"author":{"name":"Chloe Brochard","@id":"https:\/\/moteuretsens.com\/#\/schema\/person\/f84b48a746bec0be4eca34ba6a3926bb"},"headline":"MERCEDES SLR MCLAREN","datePublished":"2022-11-17T00:14:19+00:00","dateModified":"2023-02-27T15:12:41+00:00","mainEntityOfPage":{"@id":"https:\/\/moteuretsens.com\/lorem-ipsum-7\/"},"wordCount":95,"commentCount":0,"publisher":{"@id":"https:\/\/moteuretsens.com\/#organization"},"image":{"@id":"https:\/\/moteuretsens.com\/lorem-ipsum-7\/#primaryimage"},"thumbnailUrl":"https:\/\/moteuretsens.com\/wp-content\/uploads\/2022\/11\/SLR-MCLAREN-couverture.jpg","articleSection":["GALERIES D\u2019IMAGES","Ressources"],"inLanguage":"en-US","potentialAction":[{"@type":"CommentAction","name":"Comment","target":["https:\/\/moteuretsens.com\/lorem-ipsum-7\/#respond"]}]},{"@type":"WebPage","@id":"https:\/\/moteuretsens.com\/lorem-ipsum-7\/","url":"https:\/\/moteuretsens.com\/lorem-ipsum-7\/","name":"MERCEDES SLR MCLAREN - Moteur&amp;sens","isPartOf":{"@id":"https:\/\/moteuretsens.com\/#website"},"primaryImageOfPage":{"@id":"https:\/\/moteuretsens.com\/lorem-ipsum-7\/#primaryimage"},"image":{"@id":"https:\/\/moteuretsens.com\/lorem-ipsum-7\/#primaryimage"},"thumbnailUrl":"https:\/\/moteuretsens.com\/wp-content\/uploads\/2022\/11\/SLR-MCLAREN-couverture.jpg","datePublished":"2022-11-17T00:14:19+00:00","dateModified":"2023-02-27T15:12:41+00:00","breadcrumb":{"@id":"https:\/\/moteuretsens.com\/lorem-ipsum-7\/#breadcrumb"},"inLanguage":"en-US","potentialAction":[{"@type":"ReadAction","target":["https:\/\/moteuretsens.com\/lorem-ipsum-7\/"]}]},{"@type":"ImageObject","inLanguage":"en-US","@id":"https:\/\/moteuretsens.com\/lorem-ipsum-7\/#primaryimage","url":"https:\/\/moteuretsens.com\/wp-content\/uploads\/2022\/11\/SLR-MCLAREN-couverture.jpg","contentUrl":"https:\/\/moteuretsens.com\/wp-content\/uploads\/2022\/11\/SLR-MCLAREN-couverture.jpg","width":8717,"height":5811},{"@type":"BreadcrumbList","@id":"https:\/\/moteuretsens.com\/lorem-ipsum-7\/#breadcrumb","itemListElement":[{"@type":"ListItem","position":1,"name":"Accueil","item":"https:\/\/moteuretsens.com\/"},{"@type":"ListItem","position":2,"name":"MERCEDES SLR MCLAREN"}]},{"@type":"WebSite","@id":"https:\/\/moteuretsens.com\/#website","url":"https:\/\/moteuretsens.com\/","name":"Moteur&Sens","description":"","publisher":{"@id":"https:\/\/moteuretsens.com\/#organization"},"potentialAction":[{"@type":"SearchAction","target":{"@type":"EntryPoint","urlTemplate":"https:\/\/moteuretsens.com\/?s={search_term_string}"},"query-input":{"@type":"PropertyValueSpecification","valueRequired":true,"valueName":"search_term_string"}}],"inLanguage":"en-US"},{"@type":"Organization","@id":"https:\/\/moteuretsens.com\/#organization","name":"Moteur&Sens","url":"https:\/\/moteuretsens.com\/","logo":{"@type":"ImageObject","inLanguage":"en-US","@id":"https:\/\/moteuretsens.com\/#\/schema\/logo\/image\/","url":"https:\/\/moteuretsens.com\/wp-content\/uploads\/2023\/08\/moteursens.png","contentUrl":"https:\/\/moteuretsens.com\/wp-content\/uploads\/2023\/08\/moteursens.png","width":333,"height":62,"caption":"Moteur&Sens"},"image":{"@id":"https:\/\/moteuretsens.com\/#\/schema\/logo\/image\/"},"sameAs":["https:\/\/www.facebook.com\/moteuretsens","https:\/\/x.com\/moteuretsens","https:\/\/www.instagram.com\/moteuretsens\/","https:\/\/www.linkedin.com\/company\/moteur-&-sens\/about\/","https:\/\/www.youtube.com\/channel\/UCubfX3Xm__151RbTfXbUUVg"]},{"@type":"Person","@id":"https:\/\/moteuretsens.com\/#\/schema\/person\/f84b48a746bec0be4eca34ba6a3926bb","name":"Chloe Brochard","image":{"@type":"ImageObject","inLanguage":"en-US","@id":"https:\/\/secure.gravatar.com\/avatar\/e4a4b7738fc0c83b1d37731d38f2ef632512a5909a395f0561efcf79993b0fb9?s=96&d=mm&r=g","url":"https:\/\/secure.gravatar.com\/avatar\/e4a4b7738fc0c83b1d37731d38f2ef632512a5909a395f0561efcf79993b0fb9?s=96&d=mm&r=g","contentUrl":"https:\/\/secure.gravatar.com\/avatar\/e4a4b7738fc0c83b1d37731d38f2ef632512a5909a395f0561efcf79993b0fb9?s=96&d=mm&r=g","caption":"Chloe Brochard"},"url":"https:\/\/moteuretsens.com\/en\/author\/chloemoteuretsens-com\/"}]}},"taxonomy_info":{"category":[{"value":397,"label":"GALERIES D\u2019IMAGES"},{"value":391,"label":"Ressources"}]},"featured_image_src_large":["https:\/\/moteuretsens.com\/wp-content\/uploads\/2022\/11\/SLR-MCLAREN-couverture.jpg",8717,5811,false],"author_info":{"display_name":"Chloe Brochard","author_link":"https:\/\/moteuretsens.com\/en\/author\/chloemoteuretsens-com\/"},"comment_info":0,"category_info":[{"term_id":397,"name":"GALERIES D\u2019IMAGES","slug":"galeries-dimages","term_group":0,"term_taxonomy_id":397,"taxonomy":"category","description":"","parent":391,"count":12,"filter":"raw","cat_ID":397,"category_count":12,"category_description":"","cat_name":"GALERIES D\u2019IMAGES","category_nicename":"galeries-dimages","category_parent":391},{"term_id":391,"name":"Ressources","slug":"ressources","term_group":0,"term_taxonomy_id":391,"taxonomy":"category","description":"","parent":0,"count":30,"filter":"raw","cat_ID":391,"category_count":30,"category_description":"","cat_name":"Ressources","category_nicename":"ressources","category_parent":0}],"tag_info":false,"_links":{"self":[{"href":"https:\/\/moteuretsens.com\/en\/wp-json\/wp\/v2\/posts\/58374","targetHints":{"allow":["GET"]}}],"collection":[{"href":"https:\/\/moteuretsens.com\/en\/wp-json\/wp\/v2\/posts"}],"about":[{"href":"https:\/\/moteuretsens.com\/en\/wp-json\/wp\/v2\/types\/post"}],"author":[{"embeddable":true,"href":"https:\/\/moteuretsens.com\/en\/wp-json\/wp\/v2\/users\/4"}],"replies":[{"embeddable":true,"href":"https:\/\/moteuretsens.com\/en\/wp-json\/wp\/v2\/comments?post=58374"}],"version-history":[{"count":0,"href":"https:\/\/moteuretsens.com\/en\/wp-json\/wp\/v2\/posts\/58374\/revisions"}],"wp:featuredmedia":[{"embeddable":true,"href":"https:\/\/moteuretsens.com\/en\/wp-json\/wp\/v2\/media\/70144"}],"wp:attachment":[{"href":"https:\/\/moteuretsens.com\/en\/wp-json\/wp\/v2\/media?parent=58374"}],"wp:term":[{"taxonomy":"category","embeddable":true,"href":"https:\/\/moteuretsens.com\/en\/wp-json\/wp\/v2\/categories?post=58374"},{"taxonomy":"post_tag","embeddable":true,"href":"https:\/\/moteuretsens.com\/en\/wp-json\/wp\/v2\/tags?post=58374"}],"curies":[{"name":"wp","href":"https:\/\/api.w.org\/{rel}","templated":true}]}}