{"id":59101,"date":"2022-11-22T14:08:23","date_gmt":"2022-11-22T13:08:23","guid":{"rendered":"https:\/\/moteuretsens.com\/?p=59101"},"modified":"2023-02-27T16:47:24","modified_gmt":"2023-02-27T15:47:24","slug":"mercedes-slr-mclaren","status":"publish","type":"post","link":"https:\/\/moteuretsens.com\/en\/mercedes-slr-mclaren\/","title":{"rendered":"MERCEDES C63 AMG BLACK SERIES"},"content":{"rendered":"\n<p>Black Series: dans la gamme Mercedes, cette appellation d\u00e9signe les mod\u00e8les les plus extr\u00eames. Des versions all\u00e9g\u00e9es et sur vitamin\u00e9es, construites sur la base de variantes AMG d\u00e9j\u00e0 muscl\u00e9es. Jusqu&rsquo;ici, seules trois cr\u00e9ations de l&rsquo;Etoile ont eu droit \u00e0 ce blason: les anciens SLK et CLK, ainsi que le terrible SL 65 AMG. Pour m\u00e9riter son ticket d&rsquo;entr\u00e9e dans ce petit club, le C63 n&rsquo;a pas fait pas dans la dentelle: avec l&rsquo;aide de pistons, de bielles et d&rsquo;un vilebrequin forg\u00e9s, son V8 6.2 franchit la barre des 500 ch, pour atteindre 517 ch. Diff\u00e9rentiel autobloquant, antid\u00e9rapage ESP dot\u00e9e de trois modes, barres antiroulis durcies et suspension r\u00e9glable: le ch\u00e2ssis n&rsquo;est pas en reste.<br>Black Series, c&rsquo;est aussi synonyme de physique bodybuild\u00e9: Ailes g\u00e9n\u00e9reusement \u00e9largies, ou\u00efes \u00e0 profusion, lame saillante \u00e0 l&rsquo;avant, quatre sorties d&rsquo;\u00e9chappement trap\u00e9zo\u00efdales, un imposant diffuseur, ou encore le pack A\u00e9rodynamique (dont est dot\u00e9 notre exemplaire) pour m\u00eame viriliser encore davantage l&rsquo;aspect. Toujours caract\u00e9ris\u00e9e par son embrayage multidisque, la bo\u00eete automatique \u00e0 sept rapports re\u00e7oit quant \u00e0 elle quatre modes diff\u00e9rents, ainsi qu&rsquo;une fonction Race Start.<\/p>\n\n\n\n<p><\/p>\n\n\n\n[Best_Wordpress_Gallery id=\u00a0\u00bb25&Prime; gal_title=\u00a0\u00bbBLACK SERIES\u00a0\u00bb]\n\n\n\n<p>Cr\u00e9dit Photos &#8211; Kevin Van Campenhout &#8211; <a href=\"https:\/\/www.kevinvanc.com\/\">www.kevinvanc.com<\/a><\/p>\n","protected":false},"excerpt":{"rendered":"<p>Black Series: dans la gamme Mercedes, cette appellation d\u00e9signe les mod\u00e8les les plus extr\u00eames. Des versions all\u00e9g\u00e9es et sur vitamin\u00e9es, construites sur la base de variantes AMG d\u00e9j\u00e0 muscl\u00e9es. Jusqu&rsquo;ici, seules trois cr\u00e9ations de l&rsquo;Etoile ont eu droit \u00e0 ce blason: les anciens SLK et CLK, ainsi que le terrible SL 65 AMG. Pour m\u00e9riter&#8230;<\/p>","protected":false},"author":4,"featured_media":70153,"comment_status":"open","ping_status":"open","sticky":false,"template":"","format":"standard","meta":{"_kad_blocks_custom_css":"","_kad_blocks_head_custom_js":"","_kad_blocks_body_custom_js":"","_kad_blocks_footer_custom_js":"","_kad_post_transparent":"","_kad_post_title":"","_kad_post_layout":"","_kad_post_sidebar_id":"","_kad_post_content_style":"","_kad_post_vertical_padding":"","_kad_post_feature":"","_kad_post_feature_position":"","_kad_post_header":false,"_kad_post_footer":false,"_kad_post_classname":"","footnotes":""},"categories":[397,391],"tags":[],"class_list":["post-59101","post","type-post","status-publish","format-standard","has-post-thumbnail","hentry","category-galeries-dimages","category-ressources"],"acf":[],"yoast_head":"<!-- This site is optimized with the Yoast SEO plugin v27.5 - https:\/\/yoast.com\/product\/yoast-seo-wordpress\/ -->\n<title>MERCEDES C63 AMG BLACK SERIES - Moteur&amp;sens<\/title>\n<meta name=\"robots\" content=\"index, follow, max-snippet:-1, max-image-preview:large, max-video-preview:-1\" \/>\n<link rel=\"canonical\" href=\"https:\/\/moteuretsens.com\/en\/mercedes-slr-mclaren\/\" \/>\n<meta property=\"og:locale\" content=\"en_US\" \/>\n<meta property=\"og:type\" content=\"article\" \/>\n<meta property=\"og:title\" content=\"MERCEDES C63 AMG BLACK SERIES - Moteur&amp;sens\" \/>\n<meta property=\"og:description\" content=\"Black Series: dans la gamme Mercedes, cette appellation d\u00e9signe les mod\u00e8les les plus extr\u00eames. Des versions all\u00e9g\u00e9es et sur vitamin\u00e9es, construites sur la base de variantes AMG d\u00e9j\u00e0 muscl\u00e9es. Jusqu&rsquo;ici, seules trois cr\u00e9ations de l&rsquo;Etoile ont eu droit \u00e0 ce blason: les anciens SLK et CLK, ainsi que le terrible SL 65 AMG. Pour m\u00e9riter...\" \/>\n<meta property=\"og:url\" content=\"https:\/\/moteuretsens.com\/en\/mercedes-slr-mclaren\/\" \/>\n<meta property=\"og:site_name\" content=\"Moteur&amp;sens\" \/>\n<meta property=\"article:publisher\" content=\"https:\/\/www.facebook.com\/moteuretsens\" \/>\n<meta property=\"article:published_time\" content=\"2022-11-22T13:08:23+00:00\" \/>\n<meta property=\"article:modified_time\" content=\"2023-02-27T15:47:24+00:00\" \/>\n<meta property=\"og:image\" content=\"https:\/\/moteuretsens.com\/wp-content\/uploads\/2022\/11\/BLACK-SERIES-Couverture.jpg\" \/>\n\t<meta property=\"og:image:width\" content=\"1\" \/>\n\t<meta property=\"og:image:height\" content=\"1\" \/>\n\t<meta property=\"og:image:type\" content=\"image\/jpeg\" \/>\n<meta name=\"author\" content=\"Chloe Brochard\" \/>\n<meta name=\"twitter:card\" content=\"summary_large_image\" \/>\n<meta name=\"twitter:creator\" content=\"@moteuretsens\" \/>\n<meta name=\"twitter:site\" content=\"@moteuretsens\" \/>\n<meta name=\"twitter:label1\" content=\"Written by\" \/>\n\t<meta name=\"twitter:data1\" content=\"Chloe Brochard\" \/>\n\t<meta name=\"twitter:label2\" content=\"Est. reading time\" \/>\n\t<meta name=\"twitter:data2\" content=\"1 minute\" \/>\n<script type=\"application\/ld+json\" class=\"yoast-schema-graph\">{\"@context\":\"https:\\\/\\\/schema.org\",\"@graph\":[{\"@type\":\"Article\",\"@id\":\"https:\\\/\\\/moteuretsens.com\\\/mercedes-slr-mclaren\\\/#article\",\"isPartOf\":{\"@id\":\"https:\\\/\\\/moteuretsens.com\\\/mercedes-slr-mclaren\\\/\"},\"author\":{\"name\":\"Chloe Brochard\",\"@id\":\"https:\\\/\\\/moteuretsens.com\\\/#\\\/schema\\\/person\\\/f84b48a746bec0be4eca34ba6a3926bb\"},\"headline\":\"MERCEDES C63 AMG BLACK SERIES\",\"datePublished\":\"2022-11-22T13:08:23+00:00\",\"dateModified\":\"2023-02-27T15:47:24+00:00\",\"mainEntityOfPage\":{\"@id\":\"https:\\\/\\\/moteuretsens.com\\\/mercedes-slr-mclaren\\\/\"},\"wordCount\":235,\"commentCount\":0,\"publisher\":{\"@id\":\"https:\\\/\\\/moteuretsens.com\\\/#organization\"},\"image\":{\"@id\":\"https:\\\/\\\/moteuretsens.com\\\/mercedes-slr-mclaren\\\/#primaryimage\"},\"thumbnailUrl\":\"https:\\\/\\\/moteuretsens.com\\\/wp-content\\\/uploads\\\/2022\\\/11\\\/BLACK-SERIES-Couverture.jpg\",\"articleSection\":[\"GALERIES D\u2019IMAGES\",\"Ressources\"],\"inLanguage\":\"en-US\",\"potentialAction\":[{\"@type\":\"CommentAction\",\"name\":\"Comment\",\"target\":[\"https:\\\/\\\/moteuretsens.com\\\/mercedes-slr-mclaren\\\/#respond\"]}]},{\"@type\":\"WebPage\",\"@id\":\"https:\\\/\\\/moteuretsens.com\\\/mercedes-slr-mclaren\\\/\",\"url\":\"https:\\\/\\\/moteuretsens.com\\\/mercedes-slr-mclaren\\\/\",\"name\":\"MERCEDES C63 AMG BLACK SERIES - Moteur&amp;sens\",\"isPartOf\":{\"@id\":\"https:\\\/\\\/moteuretsens.com\\\/#website\"},\"primaryImageOfPage\":{\"@id\":\"https:\\\/\\\/moteuretsens.com\\\/mercedes-slr-mclaren\\\/#primaryimage\"},\"image\":{\"@id\":\"https:\\\/\\\/moteuretsens.com\\\/mercedes-slr-mclaren\\\/#primaryimage\"},\"thumbnailUrl\":\"https:\\\/\\\/moteuretsens.com\\\/wp-content\\\/uploads\\\/2022\\\/11\\\/BLACK-SERIES-Couverture.jpg\",\"datePublished\":\"2022-11-22T13:08:23+00:00\",\"dateModified\":\"2023-02-27T15:47:24+00:00\",\"breadcrumb\":{\"@id\":\"https:\\\/\\\/moteuretsens.com\\\/mercedes-slr-mclaren\\\/#breadcrumb\"},\"inLanguage\":\"en-US\",\"potentialAction\":[{\"@type\":\"ReadAction\",\"target\":[\"https:\\\/\\\/moteuretsens.com\\\/mercedes-slr-mclaren\\\/\"]}]},{\"@type\":\"ImageObject\",\"inLanguage\":\"en-US\",\"@id\":\"https:\\\/\\\/moteuretsens.com\\\/mercedes-slr-mclaren\\\/#primaryimage\",\"url\":\"https:\\\/\\\/moteuretsens.com\\\/wp-content\\\/uploads\\\/2022\\\/11\\\/BLACK-SERIES-Couverture.jpg\",\"contentUrl\":\"https:\\\/\\\/moteuretsens.com\\\/wp-content\\\/uploads\\\/2022\\\/11\\\/BLACK-SERIES-Couverture.jpg\",\"width\":8717,\"height\":5811},{\"@type\":\"BreadcrumbList\",\"@id\":\"https:\\\/\\\/moteuretsens.com\\\/mercedes-slr-mclaren\\\/#breadcrumb\",\"itemListElement\":[{\"@type\":\"ListItem\",\"position\":1,\"name\":\"Accueil\",\"item\":\"https:\\\/\\\/moteuretsens.com\\\/\"},{\"@type\":\"ListItem\",\"position\":2,\"name\":\"MERCEDES C63 AMG BLACK SERIES\"}]},{\"@type\":\"WebSite\",\"@id\":\"https:\\\/\\\/moteuretsens.com\\\/#website\",\"url\":\"https:\\\/\\\/moteuretsens.com\\\/\",\"name\":\"Moteur&Sens\",\"description\":\"\",\"publisher\":{\"@id\":\"https:\\\/\\\/moteuretsens.com\\\/#organization\"},\"potentialAction\":[{\"@type\":\"SearchAction\",\"target\":{\"@type\":\"EntryPoint\",\"urlTemplate\":\"https:\\\/\\\/moteuretsens.com\\\/?s={search_term_string}\"},\"query-input\":{\"@type\":\"PropertyValueSpecification\",\"valueRequired\":true,\"valueName\":\"search_term_string\"}}],\"inLanguage\":\"en-US\"},{\"@type\":\"Organization\",\"@id\":\"https:\\\/\\\/moteuretsens.com\\\/#organization\",\"name\":\"Moteur&Sens\",\"url\":\"https:\\\/\\\/moteuretsens.com\\\/\",\"logo\":{\"@type\":\"ImageObject\",\"inLanguage\":\"en-US\",\"@id\":\"https:\\\/\\\/moteuretsens.com\\\/#\\\/schema\\\/logo\\\/image\\\/\",\"url\":\"https:\\\/\\\/moteuretsens.com\\\/wp-content\\\/uploads\\\/2023\\\/08\\\/moteursens.png\",\"contentUrl\":\"https:\\\/\\\/moteuretsens.com\\\/wp-content\\\/uploads\\\/2023\\\/08\\\/moteursens.png\",\"width\":333,\"height\":62,\"caption\":\"Moteur&Sens\"},\"image\":{\"@id\":\"https:\\\/\\\/moteuretsens.com\\\/#\\\/schema\\\/logo\\\/image\\\/\"},\"sameAs\":[\"https:\\\/\\\/www.facebook.com\\\/moteuretsens\",\"https:\\\/\\\/x.com\\\/moteuretsens\",\"https:\\\/\\\/www.instagram.com\\\/moteuretsens\\\/\",\"https:\\\/\\\/www.linkedin.com\\\/company\\\/moteur-&-sens\\\/about\\\/\",\"https:\\\/\\\/www.youtube.com\\\/channel\\\/UCubfX3Xm__151RbTfXbUUVg\"]},{\"@type\":\"Person\",\"@id\":\"https:\\\/\\\/moteuretsens.com\\\/#\\\/schema\\\/person\\\/f84b48a746bec0be4eca34ba6a3926bb\",\"name\":\"Chloe Brochard\",\"image\":{\"@type\":\"ImageObject\",\"inLanguage\":\"en-US\",\"@id\":\"https:\\\/\\\/secure.gravatar.com\\\/avatar\\\/e4a4b7738fc0c83b1d37731d38f2ef632512a5909a395f0561efcf79993b0fb9?s=96&d=mm&r=g\",\"url\":\"https:\\\/\\\/secure.gravatar.com\\\/avatar\\\/e4a4b7738fc0c83b1d37731d38f2ef632512a5909a395f0561efcf79993b0fb9?s=96&d=mm&r=g\",\"contentUrl\":\"https:\\\/\\\/secure.gravatar.com\\\/avatar\\\/e4a4b7738fc0c83b1d37731d38f2ef632512a5909a395f0561efcf79993b0fb9?s=96&d=mm&r=g\",\"caption\":\"Chloe Brochard\"},\"url\":\"https:\\\/\\\/moteuretsens.com\\\/en\\\/author\\\/chloemoteuretsens-com\\\/\"}]}<\/script>\n<!-- \/ Yoast SEO plugin. -->","yoast_head_json":{"title":"MERCEDES C63 AMG BLACK SERIES - Moteur&amp;sens","robots":{"index":"index","follow":"follow","max-snippet":"max-snippet:-1","max-image-preview":"max-image-preview:large","max-video-preview":"max-video-preview:-1"},"canonical":"https:\/\/moteuretsens.com\/en\/mercedes-slr-mclaren\/","og_locale":"en_US","og_type":"article","og_title":"MERCEDES C63 AMG BLACK SERIES - Moteur&amp;sens","og_description":"Black Series: dans la gamme Mercedes, cette appellation d\u00e9signe les mod\u00e8les les plus extr\u00eames. Des versions all\u00e9g\u00e9es et sur vitamin\u00e9es, construites sur la base de variantes AMG d\u00e9j\u00e0 muscl\u00e9es. Jusqu&rsquo;ici, seules trois cr\u00e9ations de l&rsquo;Etoile ont eu droit \u00e0 ce blason: les anciens SLK et CLK, ainsi que le terrible SL 65 AMG. Pour m\u00e9riter...","og_url":"https:\/\/moteuretsens.com\/en\/mercedes-slr-mclaren\/","og_site_name":"Moteur&amp;sens","article_publisher":"https:\/\/www.facebook.com\/moteuretsens","article_published_time":"2022-11-22T13:08:23+00:00","article_modified_time":"2023-02-27T15:47:24+00:00","og_image":[{"url":"https:\/\/moteuretsens.com\/wp-content\/uploads\/2022\/11\/BLACK-SERIES-Couverture.jpg","width":1,"height":1,"type":"image\/jpeg"}],"author":"Chloe Brochard","twitter_card":"summary_large_image","twitter_creator":"@moteuretsens","twitter_site":"@moteuretsens","twitter_misc":{"Written by":"Chloe Brochard","Est. reading time":"1 minute"},"schema":{"@context":"https:\/\/schema.org","@graph":[{"@type":"Article","@id":"https:\/\/moteuretsens.com\/mercedes-slr-mclaren\/#article","isPartOf":{"@id":"https:\/\/moteuretsens.com\/mercedes-slr-mclaren\/"},"author":{"name":"Chloe Brochard","@id":"https:\/\/moteuretsens.com\/#\/schema\/person\/f84b48a746bec0be4eca34ba6a3926bb"},"headline":"MERCEDES C63 AMG BLACK SERIES","datePublished":"2022-11-22T13:08:23+00:00","dateModified":"2023-02-27T15:47:24+00:00","mainEntityOfPage":{"@id":"https:\/\/moteuretsens.com\/mercedes-slr-mclaren\/"},"wordCount":235,"commentCount":0,"publisher":{"@id":"https:\/\/moteuretsens.com\/#organization"},"image":{"@id":"https:\/\/moteuretsens.com\/mercedes-slr-mclaren\/#primaryimage"},"thumbnailUrl":"https:\/\/moteuretsens.com\/wp-content\/uploads\/2022\/11\/BLACK-SERIES-Couverture.jpg","articleSection":["GALERIES D\u2019IMAGES","Ressources"],"inLanguage":"en-US","potentialAction":[{"@type":"CommentAction","name":"Comment","target":["https:\/\/moteuretsens.com\/mercedes-slr-mclaren\/#respond"]}]},{"@type":"WebPage","@id":"https:\/\/moteuretsens.com\/mercedes-slr-mclaren\/","url":"https:\/\/moteuretsens.com\/mercedes-slr-mclaren\/","name":"MERCEDES C63 AMG BLACK SERIES - Moteur&amp;sens","isPartOf":{"@id":"https:\/\/moteuretsens.com\/#website"},"primaryImageOfPage":{"@id":"https:\/\/moteuretsens.com\/mercedes-slr-mclaren\/#primaryimage"},"image":{"@id":"https:\/\/moteuretsens.com\/mercedes-slr-mclaren\/#primaryimage"},"thumbnailUrl":"https:\/\/moteuretsens.com\/wp-content\/uploads\/2022\/11\/BLACK-SERIES-Couverture.jpg","datePublished":"2022-11-22T13:08:23+00:00","dateModified":"2023-02-27T15:47:24+00:00","breadcrumb":{"@id":"https:\/\/moteuretsens.com\/mercedes-slr-mclaren\/#breadcrumb"},"inLanguage":"en-US","potentialAction":[{"@type":"ReadAction","target":["https:\/\/moteuretsens.com\/mercedes-slr-mclaren\/"]}]},{"@type":"ImageObject","inLanguage":"en-US","@id":"https:\/\/moteuretsens.com\/mercedes-slr-mclaren\/#primaryimage","url":"https:\/\/moteuretsens.com\/wp-content\/uploads\/2022\/11\/BLACK-SERIES-Couverture.jpg","contentUrl":"https:\/\/moteuretsens.com\/wp-content\/uploads\/2022\/11\/BLACK-SERIES-Couverture.jpg","width":8717,"height":5811},{"@type":"BreadcrumbList","@id":"https:\/\/moteuretsens.com\/mercedes-slr-mclaren\/#breadcrumb","itemListElement":[{"@type":"ListItem","position":1,"name":"Accueil","item":"https:\/\/moteuretsens.com\/"},{"@type":"ListItem","position":2,"name":"MERCEDES C63 AMG BLACK SERIES"}]},{"@type":"WebSite","@id":"https:\/\/moteuretsens.com\/#website","url":"https:\/\/moteuretsens.com\/","name":"Moteur&Sens","description":"","publisher":{"@id":"https:\/\/moteuretsens.com\/#organization"},"potentialAction":[{"@type":"SearchAction","target":{"@type":"EntryPoint","urlTemplate":"https:\/\/moteuretsens.com\/?s={search_term_string}"},"query-input":{"@type":"PropertyValueSpecification","valueRequired":true,"valueName":"search_term_string"}}],"inLanguage":"en-US"},{"@type":"Organization","@id":"https:\/\/moteuretsens.com\/#organization","name":"Moteur&Sens","url":"https:\/\/moteuretsens.com\/","logo":{"@type":"ImageObject","inLanguage":"en-US","@id":"https:\/\/moteuretsens.com\/#\/schema\/logo\/image\/","url":"https:\/\/moteuretsens.com\/wp-content\/uploads\/2023\/08\/moteursens.png","contentUrl":"https:\/\/moteuretsens.com\/wp-content\/uploads\/2023\/08\/moteursens.png","width":333,"height":62,"caption":"Moteur&Sens"},"image":{"@id":"https:\/\/moteuretsens.com\/#\/schema\/logo\/image\/"},"sameAs":["https:\/\/www.facebook.com\/moteuretsens","https:\/\/x.com\/moteuretsens","https:\/\/www.instagram.com\/moteuretsens\/","https:\/\/www.linkedin.com\/company\/moteur-&-sens\/about\/","https:\/\/www.youtube.com\/channel\/UCubfX3Xm__151RbTfXbUUVg"]},{"@type":"Person","@id":"https:\/\/moteuretsens.com\/#\/schema\/person\/f84b48a746bec0be4eca34ba6a3926bb","name":"Chloe Brochard","image":{"@type":"ImageObject","inLanguage":"en-US","@id":"https:\/\/secure.gravatar.com\/avatar\/e4a4b7738fc0c83b1d37731d38f2ef632512a5909a395f0561efcf79993b0fb9?s=96&d=mm&r=g","url":"https:\/\/secure.gravatar.com\/avatar\/e4a4b7738fc0c83b1d37731d38f2ef632512a5909a395f0561efcf79993b0fb9?s=96&d=mm&r=g","contentUrl":"https:\/\/secure.gravatar.com\/avatar\/e4a4b7738fc0c83b1d37731d38f2ef632512a5909a395f0561efcf79993b0fb9?s=96&d=mm&r=g","caption":"Chloe Brochard"},"url":"https:\/\/moteuretsens.com\/en\/author\/chloemoteuretsens-com\/"}]}},"taxonomy_info":{"category":[{"value":397,"label":"GALERIES D\u2019IMAGES"},{"value":391,"label":"Ressources"}]},"featured_image_src_large":["https:\/\/moteuretsens.com\/wp-content\/uploads\/2022\/11\/BLACK-SERIES-Couverture.jpg",8717,5811,false],"author_info":{"display_name":"Chloe Brochard","author_link":"https:\/\/moteuretsens.com\/en\/author\/chloemoteuretsens-com\/"},"comment_info":0,"category_info":[{"term_id":397,"name":"GALERIES D\u2019IMAGES","slug":"galeries-dimages","term_group":0,"term_taxonomy_id":397,"taxonomy":"category","description":"","parent":391,"count":12,"filter":"raw","cat_ID":397,"category_count":12,"category_description":"","cat_name":"GALERIES D\u2019IMAGES","category_nicename":"galeries-dimages","category_parent":391},{"term_id":391,"name":"Ressources","slug":"ressources","term_group":0,"term_taxonomy_id":391,"taxonomy":"category","description":"","parent":0,"count":30,"filter":"raw","cat_ID":391,"category_count":30,"category_description":"","cat_name":"Ressources","category_nicename":"ressources","category_parent":0}],"tag_info":false,"_links":{"self":[{"href":"https:\/\/moteuretsens.com\/en\/wp-json\/wp\/v2\/posts\/59101","targetHints":{"allow":["GET"]}}],"collection":[{"href":"https:\/\/moteuretsens.com\/en\/wp-json\/wp\/v2\/posts"}],"about":[{"href":"https:\/\/moteuretsens.com\/en\/wp-json\/wp\/v2\/types\/post"}],"author":[{"embeddable":true,"href":"https:\/\/moteuretsens.com\/en\/wp-json\/wp\/v2\/users\/4"}],"replies":[{"embeddable":true,"href":"https:\/\/moteuretsens.com\/en\/wp-json\/wp\/v2\/comments?post=59101"}],"version-history":[{"count":0,"href":"https:\/\/moteuretsens.com\/en\/wp-json\/wp\/v2\/posts\/59101\/revisions"}],"wp:featuredmedia":[{"embeddable":true,"href":"https:\/\/moteuretsens.com\/en\/wp-json\/wp\/v2\/media\/70153"}],"wp:attachment":[{"href":"https:\/\/moteuretsens.com\/en\/wp-json\/wp\/v2\/media?parent=59101"}],"wp:term":[{"taxonomy":"category","embeddable":true,"href":"https:\/\/moteuretsens.com\/en\/wp-json\/wp\/v2\/categories?post=59101"},{"taxonomy":"post_tag","embeddable":true,"href":"https:\/\/moteuretsens.com\/en\/wp-json\/wp\/v2\/tags?post=59101"}],"curies":[{"name":"wp","href":"https:\/\/api.w.org\/{rel}","templated":true}]}}