{"id":73535,"date":"2023-03-24T09:18:17","date_gmt":"2023-03-24T08:18:17","guid":{"rendered":"https:\/\/moteuretsens.com\/?p=73535"},"modified":"2023-03-24T09:32:02","modified_gmt":"2023-03-24T08:32:02","slug":"essai-de-la-ferrari-599-sa-aperta","status":"publish","type":"post","link":"https:\/\/moteuretsens.com\/en\/essai-de-la-ferrari-599-sa-aperta\/","title":{"rendered":"Essai de la Ferrari 599 Sa Aperta"},"content":{"rendered":"<p>Les deux fondateurs de Moteur &amp; Sens, Silv\u00e8re et Pierre essayent pour la premi\u00e8re fois l&rsquo;une des 80 Ferrari 599 Sa Aperta au monde. D\u00e9couvrez leur premier essai Youtube au volant de cette incroyable raret\u00e9. <\/p>\n\n\n\n<p>En 2010, Ferrari pr\u00e9sente la version d\u00e9couvrable de sa 599 GTO : la SA Aperta. Le mod\u00e8le c\u00e9l\u00e8bre les 80 ans de l&rsquo;entreprise Pininfarina ainsi que la collaboration historique entre le constructeur et le designer. Les initiales SA font r\u00e9f\u00e9rences aux pr\u00e9noms Sergio et Andrea (son fils) Pininfarina. <\/p>\n\n\n\n<p>La SA Aperta sera produite \u00e0 80 exemplaires seulement et nous sommes fiers d&rsquo;en essayer une pour vous. Cette Ferrari est une deuxi\u00e8me main dans un \u00e9tat absolument irr\u00e9prochable. Elle poss\u00e8de un tr\u00e8s bel entretien r\u00e9alis\u00e9 exclusivement dans le r\u00e9seau Ferrari.<\/p>\n\n\n\n<figure class=\"wp-block-embed is-type-video is-provider-youtube wp-block-embed-youtube wp-embed-aspect-16-9 wp-has-aspect-ratio\"><div class=\"wp-block-embed__wrapper\">\n<iframe title=\"ESSAI FERRARI 599 SA APERTA: 1 of 80 dans le monde !\" width=\"720\" height=\"405\" src=\"https:\/\/www.youtube.com\/embed\/9cGhmuHTp38?feature=oembed\" frameborder=\"0\" allow=\"accelerometer; autoplay; clipboard-write; encrypted-media; gyroscope; picture-in-picture; web-share\" referrerpolicy=\"strict-origin-when-cross-origin\" allowfullscreen><\/iframe>\n<\/div><\/figure>\n\n\n\n<p><\/p>","protected":false},"excerpt":{"rendered":"<p>Les deux fondateurs de Moteur &amp; Sens, Silv\u00e8re et Pierre essayent pour la premi\u00e8re fois l&rsquo;une des 80 Ferrari 599 Sa Aperta au monde. D\u00e9couvrez leur premier essai Youtube au volant de cette incroyable raret\u00e9. En 2010, Ferrari pr\u00e9sente la version d\u00e9couvrable de sa 599 GTO : la SA Aperta. Le mod\u00e8le c\u00e9l\u00e8bre les 80&#8230;<\/p>","protected":false},"author":4,"featured_media":73542,"comment_status":"closed","ping_status":"","sticky":false,"template":"","format":"standard","meta":{"_kad_blocks_custom_css":"","_kad_blocks_head_custom_js":"","_kad_blocks_body_custom_js":"","_kad_blocks_footer_custom_js":"","_kad_post_transparent":"","_kad_post_title":"","_kad_post_layout":"","_kad_post_sidebar_id":"","_kad_post_content_style":"","_kad_post_vertical_padding":"","_kad_post_feature":"","_kad_post_feature_position":"","_kad_post_header":false,"_kad_post_footer":false,"_kad_post_classname":"","footnotes":""},"categories":[395,391],"tags":[],"class_list":["post-73535","post","type-post","status-publish","format-standard","has-post-thumbnail","hentry","category-articles","category-ressources"],"acf":[],"yoast_head":"<!-- This site is optimized with the Yoast SEO plugin v27.5 - https:\/\/yoast.com\/product\/yoast-seo-wordpress\/ -->\n<title>Essai de la Ferrari 599 Sa Aperta - Moteur&amp;sens<\/title>\n<meta name=\"robots\" content=\"index, follow, max-snippet:-1, max-image-preview:large, max-video-preview:-1\" \/>\n<link rel=\"canonical\" href=\"https:\/\/moteuretsens.com\/en\/essai-de-la-ferrari-599-sa-aperta\/\" \/>\n<meta property=\"og:locale\" content=\"en_US\" \/>\n<meta property=\"og:type\" content=\"article\" \/>\n<meta property=\"og:title\" content=\"Essai de la Ferrari 599 Sa Aperta - Moteur&amp;sens\" \/>\n<meta property=\"og:description\" content=\"Les deux fondateurs de Moteur &amp; Sens, Silv\u00e8re et Pierre essayent pour la premi\u00e8re fois l&rsquo;une des 80 Ferrari 599 Sa Aperta au monde. D\u00e9couvrez leur premier essai Youtube au volant de cette incroyable raret\u00e9. En 2010, Ferrari pr\u00e9sente la version d\u00e9couvrable de sa 599 GTO : la SA Aperta. Le mod\u00e8le c\u00e9l\u00e8bre les 80...\" \/>\n<meta property=\"og:url\" content=\"https:\/\/moteuretsens.com\/en\/essai-de-la-ferrari-599-sa-aperta\/\" \/>\n<meta property=\"og:site_name\" content=\"Moteur&amp;sens\" \/>\n<meta property=\"article:publisher\" content=\"https:\/\/www.facebook.com\/moteuretsens\" \/>\n<meta property=\"article:published_time\" content=\"2023-03-24T08:18:17+00:00\" \/>\n<meta property=\"article:modified_time\" content=\"2023-03-24T08:32:02+00:00\" \/>\n<meta property=\"og:image\" content=\"https:\/\/moteuretsens.com\/wp-content\/uploads\/2023\/03\/IMG_0042-1-scaled.jpg\" \/>\n\t<meta property=\"og:image:width\" content=\"2560\" \/>\n\t<meta property=\"og:image:height\" content=\"1707\" \/>\n\t<meta property=\"og:image:type\" content=\"image\/jpeg\" \/>\n<meta name=\"author\" content=\"Chloe Brochard\" \/>\n<meta name=\"twitter:card\" content=\"summary_large_image\" \/>\n<meta name=\"twitter:creator\" content=\"@moteuretsens\" \/>\n<meta name=\"twitter:site\" content=\"@moteuretsens\" \/>\n<meta name=\"twitter:label1\" content=\"Written by\" \/>\n\t<meta name=\"twitter:data1\" content=\"Chloe Brochard\" \/>\n\t<meta name=\"twitter:label2\" content=\"Est. reading time\" \/>\n\t<meta name=\"twitter:data2\" content=\"1 minute\" \/>\n<script type=\"application\/ld+json\" class=\"yoast-schema-graph\">{\"@context\":\"https:\\\/\\\/schema.org\",\"@graph\":[{\"@type\":\"Article\",\"@id\":\"https:\\\/\\\/moteuretsens.com\\\/essai-de-la-ferrari-599-sa-aperta\\\/#article\",\"isPartOf\":{\"@id\":\"https:\\\/\\\/moteuretsens.com\\\/essai-de-la-ferrari-599-sa-aperta\\\/\"},\"author\":{\"name\":\"Chloe Brochard\",\"@id\":\"https:\\\/\\\/moteuretsens.com\\\/#\\\/schema\\\/person\\\/f84b48a746bec0be4eca34ba6a3926bb\"},\"headline\":\"Essai de la Ferrari 599 Sa Aperta\",\"datePublished\":\"2023-03-24T08:18:17+00:00\",\"dateModified\":\"2023-03-24T08:32:02+00:00\",\"mainEntityOfPage\":{\"@id\":\"https:\\\/\\\/moteuretsens.com\\\/essai-de-la-ferrari-599-sa-aperta\\\/\"},\"wordCount\":146,\"publisher\":{\"@id\":\"https:\\\/\\\/moteuretsens.com\\\/#organization\"},\"image\":{\"@id\":\"https:\\\/\\\/moteuretsens.com\\\/essai-de-la-ferrari-599-sa-aperta\\\/#primaryimage\"},\"thumbnailUrl\":\"https:\\\/\\\/moteuretsens.com\\\/wp-content\\\/uploads\\\/2023\\\/03\\\/IMG_0042-1-scaled.jpg\",\"articleSection\":[\"ARTICLES\",\"Ressources\"],\"inLanguage\":\"en-US\"},{\"@type\":\"WebPage\",\"@id\":\"https:\\\/\\\/moteuretsens.com\\\/essai-de-la-ferrari-599-sa-aperta\\\/\",\"url\":\"https:\\\/\\\/moteuretsens.com\\\/essai-de-la-ferrari-599-sa-aperta\\\/\",\"name\":\"Essai de la Ferrari 599 Sa Aperta - Moteur&amp;sens\",\"isPartOf\":{\"@id\":\"https:\\\/\\\/moteuretsens.com\\\/#website\"},\"primaryImageOfPage\":{\"@id\":\"https:\\\/\\\/moteuretsens.com\\\/essai-de-la-ferrari-599-sa-aperta\\\/#primaryimage\"},\"image\":{\"@id\":\"https:\\\/\\\/moteuretsens.com\\\/essai-de-la-ferrari-599-sa-aperta\\\/#primaryimage\"},\"thumbnailUrl\":\"https:\\\/\\\/moteuretsens.com\\\/wp-content\\\/uploads\\\/2023\\\/03\\\/IMG_0042-1-scaled.jpg\",\"datePublished\":\"2023-03-24T08:18:17+00:00\",\"dateModified\":\"2023-03-24T08:32:02+00:00\",\"breadcrumb\":{\"@id\":\"https:\\\/\\\/moteuretsens.com\\\/essai-de-la-ferrari-599-sa-aperta\\\/#breadcrumb\"},\"inLanguage\":\"en-US\",\"potentialAction\":[{\"@type\":\"ReadAction\",\"target\":[\"https:\\\/\\\/moteuretsens.com\\\/essai-de-la-ferrari-599-sa-aperta\\\/\"]}]},{\"@type\":\"ImageObject\",\"inLanguage\":\"en-US\",\"@id\":\"https:\\\/\\\/moteuretsens.com\\\/essai-de-la-ferrari-599-sa-aperta\\\/#primaryimage\",\"url\":\"https:\\\/\\\/moteuretsens.com\\\/wp-content\\\/uploads\\\/2023\\\/03\\\/IMG_0042-1-scaled.jpg\",\"contentUrl\":\"https:\\\/\\\/moteuretsens.com\\\/wp-content\\\/uploads\\\/2023\\\/03\\\/IMG_0042-1-scaled.jpg\",\"width\":2560,\"height\":1707},{\"@type\":\"BreadcrumbList\",\"@id\":\"https:\\\/\\\/moteuretsens.com\\\/essai-de-la-ferrari-599-sa-aperta\\\/#breadcrumb\",\"itemListElement\":[{\"@type\":\"ListItem\",\"position\":1,\"name\":\"Accueil\",\"item\":\"https:\\\/\\\/moteuretsens.com\\\/\"},{\"@type\":\"ListItem\",\"position\":2,\"name\":\"Essai de la Ferrari 599 Sa Aperta\"}]},{\"@type\":\"WebSite\",\"@id\":\"https:\\\/\\\/moteuretsens.com\\\/#website\",\"url\":\"https:\\\/\\\/moteuretsens.com\\\/\",\"name\":\"Moteur&Sens\",\"description\":\"\",\"publisher\":{\"@id\":\"https:\\\/\\\/moteuretsens.com\\\/#organization\"},\"potentialAction\":[{\"@type\":\"SearchAction\",\"target\":{\"@type\":\"EntryPoint\",\"urlTemplate\":\"https:\\\/\\\/moteuretsens.com\\\/?s={search_term_string}\"},\"query-input\":{\"@type\":\"PropertyValueSpecification\",\"valueRequired\":true,\"valueName\":\"search_term_string\"}}],\"inLanguage\":\"en-US\"},{\"@type\":\"Organization\",\"@id\":\"https:\\\/\\\/moteuretsens.com\\\/#organization\",\"name\":\"Moteur&Sens\",\"url\":\"https:\\\/\\\/moteuretsens.com\\\/\",\"logo\":{\"@type\":\"ImageObject\",\"inLanguage\":\"en-US\",\"@id\":\"https:\\\/\\\/moteuretsens.com\\\/#\\\/schema\\\/logo\\\/image\\\/\",\"url\":\"https:\\\/\\\/moteuretsens.com\\\/wp-content\\\/uploads\\\/2023\\\/08\\\/moteursens.png\",\"contentUrl\":\"https:\\\/\\\/moteuretsens.com\\\/wp-content\\\/uploads\\\/2023\\\/08\\\/moteursens.png\",\"width\":333,\"height\":62,\"caption\":\"Moteur&Sens\"},\"image\":{\"@id\":\"https:\\\/\\\/moteuretsens.com\\\/#\\\/schema\\\/logo\\\/image\\\/\"},\"sameAs\":[\"https:\\\/\\\/www.facebook.com\\\/moteuretsens\",\"https:\\\/\\\/x.com\\\/moteuretsens\",\"https:\\\/\\\/www.instagram.com\\\/moteuretsens\\\/\",\"https:\\\/\\\/www.linkedin.com\\\/company\\\/moteur-&-sens\\\/about\\\/\",\"https:\\\/\\\/www.youtube.com\\\/channel\\\/UCubfX3Xm__151RbTfXbUUVg\"]},{\"@type\":\"Person\",\"@id\":\"https:\\\/\\\/moteuretsens.com\\\/#\\\/schema\\\/person\\\/f84b48a746bec0be4eca34ba6a3926bb\",\"name\":\"Chloe Brochard\",\"image\":{\"@type\":\"ImageObject\",\"inLanguage\":\"en-US\",\"@id\":\"https:\\\/\\\/secure.gravatar.com\\\/avatar\\\/e4a4b7738fc0c83b1d37731d38f2ef632512a5909a395f0561efcf79993b0fb9?s=96&d=mm&r=g\",\"url\":\"https:\\\/\\\/secure.gravatar.com\\\/avatar\\\/e4a4b7738fc0c83b1d37731d38f2ef632512a5909a395f0561efcf79993b0fb9?s=96&d=mm&r=g\",\"contentUrl\":\"https:\\\/\\\/secure.gravatar.com\\\/avatar\\\/e4a4b7738fc0c83b1d37731d38f2ef632512a5909a395f0561efcf79993b0fb9?s=96&d=mm&r=g\",\"caption\":\"Chloe Brochard\"},\"url\":\"https:\\\/\\\/moteuretsens.com\\\/en\\\/author\\\/chloemoteuretsens-com\\\/\"}]}<\/script>\n<!-- \/ Yoast SEO plugin. -->","yoast_head_json":{"title":"Essai de la Ferrari 599 Sa Aperta - Moteur&amp;sens","robots":{"index":"index","follow":"follow","max-snippet":"max-snippet:-1","max-image-preview":"max-image-preview:large","max-video-preview":"max-video-preview:-1"},"canonical":"https:\/\/moteuretsens.com\/en\/essai-de-la-ferrari-599-sa-aperta\/","og_locale":"en_US","og_type":"article","og_title":"Essai de la Ferrari 599 Sa Aperta - Moteur&amp;sens","og_description":"Les deux fondateurs de Moteur &amp; Sens, Silv\u00e8re et Pierre essayent pour la premi\u00e8re fois l&rsquo;une des 80 Ferrari 599 Sa Aperta au monde. D\u00e9couvrez leur premier essai Youtube au volant de cette incroyable raret\u00e9. En 2010, Ferrari pr\u00e9sente la version d\u00e9couvrable de sa 599 GTO : la SA Aperta. Le mod\u00e8le c\u00e9l\u00e8bre les 80...","og_url":"https:\/\/moteuretsens.com\/en\/essai-de-la-ferrari-599-sa-aperta\/","og_site_name":"Moteur&amp;sens","article_publisher":"https:\/\/www.facebook.com\/moteuretsens","article_published_time":"2023-03-24T08:18:17+00:00","article_modified_time":"2023-03-24T08:32:02+00:00","og_image":[{"width":2560,"height":1707,"url":"https:\/\/moteuretsens.com\/wp-content\/uploads\/2023\/03\/IMG_0042-1-scaled.jpg","type":"image\/jpeg"}],"author":"Chloe Brochard","twitter_card":"summary_large_image","twitter_creator":"@moteuretsens","twitter_site":"@moteuretsens","twitter_misc":{"Written by":"Chloe Brochard","Est. reading time":"1 minute"},"schema":{"@context":"https:\/\/schema.org","@graph":[{"@type":"Article","@id":"https:\/\/moteuretsens.com\/essai-de-la-ferrari-599-sa-aperta\/#article","isPartOf":{"@id":"https:\/\/moteuretsens.com\/essai-de-la-ferrari-599-sa-aperta\/"},"author":{"name":"Chloe Brochard","@id":"https:\/\/moteuretsens.com\/#\/schema\/person\/f84b48a746bec0be4eca34ba6a3926bb"},"headline":"Essai de la Ferrari 599 Sa Aperta","datePublished":"2023-03-24T08:18:17+00:00","dateModified":"2023-03-24T08:32:02+00:00","mainEntityOfPage":{"@id":"https:\/\/moteuretsens.com\/essai-de-la-ferrari-599-sa-aperta\/"},"wordCount":146,"publisher":{"@id":"https:\/\/moteuretsens.com\/#organization"},"image":{"@id":"https:\/\/moteuretsens.com\/essai-de-la-ferrari-599-sa-aperta\/#primaryimage"},"thumbnailUrl":"https:\/\/moteuretsens.com\/wp-content\/uploads\/2023\/03\/IMG_0042-1-scaled.jpg","articleSection":["ARTICLES","Ressources"],"inLanguage":"en-US"},{"@type":"WebPage","@id":"https:\/\/moteuretsens.com\/essai-de-la-ferrari-599-sa-aperta\/","url":"https:\/\/moteuretsens.com\/essai-de-la-ferrari-599-sa-aperta\/","name":"Essai de la Ferrari 599 Sa Aperta - Moteur&amp;sens","isPartOf":{"@id":"https:\/\/moteuretsens.com\/#website"},"primaryImageOfPage":{"@id":"https:\/\/moteuretsens.com\/essai-de-la-ferrari-599-sa-aperta\/#primaryimage"},"image":{"@id":"https:\/\/moteuretsens.com\/essai-de-la-ferrari-599-sa-aperta\/#primaryimage"},"thumbnailUrl":"https:\/\/moteuretsens.com\/wp-content\/uploads\/2023\/03\/IMG_0042-1-scaled.jpg","datePublished":"2023-03-24T08:18:17+00:00","dateModified":"2023-03-24T08:32:02+00:00","breadcrumb":{"@id":"https:\/\/moteuretsens.com\/essai-de-la-ferrari-599-sa-aperta\/#breadcrumb"},"inLanguage":"en-US","potentialAction":[{"@type":"ReadAction","target":["https:\/\/moteuretsens.com\/essai-de-la-ferrari-599-sa-aperta\/"]}]},{"@type":"ImageObject","inLanguage":"en-US","@id":"https:\/\/moteuretsens.com\/essai-de-la-ferrari-599-sa-aperta\/#primaryimage","url":"https:\/\/moteuretsens.com\/wp-content\/uploads\/2023\/03\/IMG_0042-1-scaled.jpg","contentUrl":"https:\/\/moteuretsens.com\/wp-content\/uploads\/2023\/03\/IMG_0042-1-scaled.jpg","width":2560,"height":1707},{"@type":"BreadcrumbList","@id":"https:\/\/moteuretsens.com\/essai-de-la-ferrari-599-sa-aperta\/#breadcrumb","itemListElement":[{"@type":"ListItem","position":1,"name":"Accueil","item":"https:\/\/moteuretsens.com\/"},{"@type":"ListItem","position":2,"name":"Essai de la Ferrari 599 Sa Aperta"}]},{"@type":"WebSite","@id":"https:\/\/moteuretsens.com\/#website","url":"https:\/\/moteuretsens.com\/","name":"Moteur&Sens","description":"","publisher":{"@id":"https:\/\/moteuretsens.com\/#organization"},"potentialAction":[{"@type":"SearchAction","target":{"@type":"EntryPoint","urlTemplate":"https:\/\/moteuretsens.com\/?s={search_term_string}"},"query-input":{"@type":"PropertyValueSpecification","valueRequired":true,"valueName":"search_term_string"}}],"inLanguage":"en-US"},{"@type":"Organization","@id":"https:\/\/moteuretsens.com\/#organization","name":"Moteur&Sens","url":"https:\/\/moteuretsens.com\/","logo":{"@type":"ImageObject","inLanguage":"en-US","@id":"https:\/\/moteuretsens.com\/#\/schema\/logo\/image\/","url":"https:\/\/moteuretsens.com\/wp-content\/uploads\/2023\/08\/moteursens.png","contentUrl":"https:\/\/moteuretsens.com\/wp-content\/uploads\/2023\/08\/moteursens.png","width":333,"height":62,"caption":"Moteur&Sens"},"image":{"@id":"https:\/\/moteuretsens.com\/#\/schema\/logo\/image\/"},"sameAs":["https:\/\/www.facebook.com\/moteuretsens","https:\/\/x.com\/moteuretsens","https:\/\/www.instagram.com\/moteuretsens\/","https:\/\/www.linkedin.com\/company\/moteur-&-sens\/about\/","https:\/\/www.youtube.com\/channel\/UCubfX3Xm__151RbTfXbUUVg"]},{"@type":"Person","@id":"https:\/\/moteuretsens.com\/#\/schema\/person\/f84b48a746bec0be4eca34ba6a3926bb","name":"Chloe Brochard","image":{"@type":"ImageObject","inLanguage":"en-US","@id":"https:\/\/secure.gravatar.com\/avatar\/e4a4b7738fc0c83b1d37731d38f2ef632512a5909a395f0561efcf79993b0fb9?s=96&d=mm&r=g","url":"https:\/\/secure.gravatar.com\/avatar\/e4a4b7738fc0c83b1d37731d38f2ef632512a5909a395f0561efcf79993b0fb9?s=96&d=mm&r=g","contentUrl":"https:\/\/secure.gravatar.com\/avatar\/e4a4b7738fc0c83b1d37731d38f2ef632512a5909a395f0561efcf79993b0fb9?s=96&d=mm&r=g","caption":"Chloe Brochard"},"url":"https:\/\/moteuretsens.com\/en\/author\/chloemoteuretsens-com\/"}]}},"taxonomy_info":{"category":[{"value":395,"label":"ARTICLES"},{"value":391,"label":"Ressources"}]},"featured_image_src_large":["https:\/\/moteuretsens.com\/wp-content\/uploads\/2023\/03\/IMG_0042-1-1024x683.jpg",1024,683,true],"author_info":{"display_name":"Chloe Brochard","author_link":"https:\/\/moteuretsens.com\/en\/author\/chloemoteuretsens-com\/"},"comment_info":0,"category_info":[{"term_id":395,"name":"ARTICLES","slug":"articles","term_group":0,"term_taxonomy_id":395,"taxonomy":"category","description":"","parent":391,"count":15,"filter":"raw","cat_ID":395,"category_count":15,"category_description":"","cat_name":"ARTICLES","category_nicename":"articles","category_parent":391},{"term_id":391,"name":"Ressources","slug":"ressources","term_group":0,"term_taxonomy_id":391,"taxonomy":"category","description":"","parent":0,"count":30,"filter":"raw","cat_ID":391,"category_count":30,"category_description":"","cat_name":"Ressources","category_nicename":"ressources","category_parent":0}],"tag_info":false,"_links":{"self":[{"href":"https:\/\/moteuretsens.com\/en\/wp-json\/wp\/v2\/posts\/73535","targetHints":{"allow":["GET"]}}],"collection":[{"href":"https:\/\/moteuretsens.com\/en\/wp-json\/wp\/v2\/posts"}],"about":[{"href":"https:\/\/moteuretsens.com\/en\/wp-json\/wp\/v2\/types\/post"}],"author":[{"embeddable":true,"href":"https:\/\/moteuretsens.com\/en\/wp-json\/wp\/v2\/users\/4"}],"replies":[{"embeddable":true,"href":"https:\/\/moteuretsens.com\/en\/wp-json\/wp\/v2\/comments?post=73535"}],"version-history":[{"count":0,"href":"https:\/\/moteuretsens.com\/en\/wp-json\/wp\/v2\/posts\/73535\/revisions"}],"wp:featuredmedia":[{"embeddable":true,"href":"https:\/\/moteuretsens.com\/en\/wp-json\/wp\/v2\/media\/73542"}],"wp:attachment":[{"href":"https:\/\/moteuretsens.com\/en\/wp-json\/wp\/v2\/media?parent=73535"}],"wp:term":[{"taxonomy":"category","embeddable":true,"href":"https:\/\/moteuretsens.com\/en\/wp-json\/wp\/v2\/categories?post=73535"},{"taxonomy":"post_tag","embeddable":true,"href":"https:\/\/moteuretsens.com\/en\/wp-json\/wp\/v2\/tags?post=73535"}],"curies":[{"name":"wp","href":"https:\/\/api.w.org\/{rel}","templated":true}]}}